{"id":19435,"date":"2021-03-22T15:46:35","date_gmt":"2021-03-22T15:46:35","guid":{"rendered":"https:\/\/www.radiopresidenteibanez.cl\/web\/?p=19435"},"modified":"2021-03-22T15:46:41","modified_gmt":"2021-03-22T15:46:41","slug":"concejal-soler-la-seguridad-publica-es-una-preocupacion-constante-de-los-vecinos-de-la-comuna-de-punta-arenas","status":"publish","type":"post","link":"https:\/\/www.radiopresidenteibanez.cl\/web\/concejal-soler-la-seguridad-publica-es-una-preocupacion-constante-de-los-vecinos-de-la-comuna-de-punta-arenas\/","title":{"rendered":"CONCEJAL SOLER: LA SEGURIDAD P\u00daBLICA ES UNA PREOCUPACI\u00d3N CONSTANTE DE LOS VECINOS  DE LA COMUNA DE PUNTA ARENAS"},"content":{"rendered":"\n<p>El Concejal Alejandro Soler Gutierrez, entiende que la seguridad p\u00fablica ciudadana es una de las principales preocupaciones de los Vecinos de Punta Arenas y de las familias chilenas, es responsabilidad de la Municipalidad y del Estado proporcionar la tranquilidad y seguridad necesarias para que los habitantes de todo el territorio puedan desarrollar sus actividades en paz y tranquilidad, enfrentando en forma clara y firme lo que se ha llamado,&nbsp;&nbsp;la guerra contra la delincuencia.&nbsp;<\/p>\n\n\n\n<p>En la Municipalidad de Punta Arenas, la tem\u00e1tica de la Seguridad Publica se trata de diferentes formas y medios, primero mediante la elaboraci\u00f3n, aprobaci\u00f3n, ejecuci\u00f3n y evaluaci\u00f3n del plan comunal de seguridad p\u00fablica,&nbsp;&nbsp;la Ley 20.965 permiti\u00f3 la creaci\u00f3n de los Concejos Comunales de Seguridad Publica y estableci\u00f3 en su art\u00edculo 104 f que el Plan debe considerar al menos los siguientes temas: Medidas de prevenci\u00f3n de conductas infractores por parte de ni\u00f1as, ni\u00f1os y adolescentes, Medidas de prevenci\u00f3n de deserci\u00f3n escolar y la reinserci\u00f3n de escolares desertores, Prevenci\u00f3n y rehabilitaci\u00f3n de consumo de drogas, Fortalecimiento de convivencia comunitaria, Mejoramiento urbano en barrios vulnerables, Prevenci\u00f3n de violencia intrafamiliar y violencia contra las mujeres, Proyectos espec\u00edficos para prevenir los delitos de mayor relevancia y ocurrencia en la comuna, Otras materias de inter\u00e9s comunal en el \u00e1rea de la Seguridad Publica.&nbsp;<\/p>\n\n\n\n<p>La Municipalidad en s\u00ed, cuenta con una oferta de Seguridad Publica que se divide en dos \u00e1reas: por un lado ese encuentra la oferta p\u00fablica reactiva a cargo de la Direcci\u00f3n de&nbsp;&nbsp;Seguridad P\u00fablica Municipal, Direcci\u00f3n de Inspecciones, Direcci\u00f3n de Operaciones, y Direcci\u00f3n de Obras Municipales, por otro lado,&nbsp;&nbsp;se encuentran programas y proyectos orientados a la prevenci\u00f3n a cargo de la Direcci\u00f3n de Desarrollo Comunitario,&nbsp;&nbsp;a trav\u00e9s de sus distintas unidades en convenio con otras instituciones,&nbsp;&nbsp;como el Ministerio de Desarrollo Social, el Ministerio de Interior, ect.&nbsp;<\/p>\n\n\n\n<p>En ese mismo sentido la Direcci\u00f3n de Seguridad P\u00fablica Municipal, ha implementado los siguientes programas y proyectos: &nbsp;<\/p>\n\n\n\n<p>&#8211; Patrullaje Comunitario: La Municipalidad cuenta con 5 camionetas de Patrullaje Comunitario 2 adquiridas a trav\u00e9s del Proyecto Plan de Contingencia del a\u00f1o 2018 y 3 de la flota municipal que se encuentran decretadas para la Direcci\u00f3n; se cuenta con 7 Patrulleros Municipales contratados en calidad de contrata y 1 que se encuentra en comisi\u00f3n de servicio, los que trabajan en duplas, en sistema de turnos de 9 horas diarias, rotativos, lo que permite contar con un servicio 24\/7.&nbsp;<\/p>\n\n\n\n<p>-L\u00ednea&nbsp;800 800 134 y Central de monitoreo: Funciona con 8 operadores en sistema de turnos 12&#215;7, contando con cobertura 24\/7. Trabajan en duplas y est\u00e1n encargados de monitorear las c\u00e1maras de televigilancia, atender la l\u00ednea 800 800 134 y derivar en caso que corresponda las llamadas ingresadas. Adem\u00e1s, tiene instalado el software del Proyecto SOS Mujer, por tanto, si se genera una alarma se coordinan con Carabineros de Chile para acudir.&nbsp;<\/p>\n\n\n\n<p>-C\u00e1maras de Televigilancia: Proyecto implementado durante el a\u00f1o 2019 donde se instalaron 21 C\u00e1maras de Televigilancia, quedando al d\u00eda de hoy 14 operativas. Adem\u00e1s, la Subsecretar\u00eda de Prevenci\u00f3n del Delito est\u00e1 trabajando en el Programa \u00abCalle Segura\u00bb que contempla la instalaci\u00f3n de 15 puntos nuevos para nuestra Comuna. Por \u00faltimo, se postul\u00f3 un Proyecto para reponer las c\u00e1maras vandalizadas durante el a\u00f1o 2019 en el Centro de la Ciudad al Gobierno Regional, proyecto que fue aprobado y que se espera ejecutar durante este a\u00f1o, contempla la instalaci\u00f3n de 13 c\u00e1maras nuevas.&nbsp;&nbsp;<\/p>\n\n\n\n<p>-Sos Mujer: Se han entregado a la fecha 32 dispositivos a trav\u00e9s de comodato a usuarias derivadas de Uravit &#8211; Fiscal\u00eda.&nbsp;<\/p>\n\n\n\n<p>-Luminarias: Actualmente se&nbsp;&nbsp;cuenta con financiamiento para dos Proyectos de Luminarias por la Subsecretaria de Prevenci\u00f3n del Delito:&nbsp;&nbsp;El Programa Red Nacional contempla la instalaci\u00f3n de 7 luminarias p\u00fablicas peatonales en el sector Pedro Borquez, y la Asignaci\u00f3n Directa Fondo Nacional de Seguridad P\u00fablica contempla el recambio de 60 cabezales de luminarias en sector 05 de abril y Eusebio Lillo.&nbsp;<\/p>\n\n\n\n<p>-Retiro de veh\u00edculos abandonados y\/o chatarra de la v\u00eda p\u00fablica: Proyecto financiado con fondos del Programa Red Nacional de Seguridad P\u00fablica, se encuentra en proceso de elaboraci\u00f3n de Bases de Licitaci\u00f3n.&nbsp;<\/p>\n\n\n\n<p>Por \u00faltimo, el Concejal Soler destaca el trabajo y buena disposici\u00f3n de todo el personal de la Direcci\u00f3n de Seguridad P\u00fablica Municipal, quienes siempre y en todo momento han tenido la mejor voluntad e iniciativa para informar y colaborar con todos los vecinos, sobre los proyectos, programa, y problem\u00e1ticas de la Seguridad Publica de nuestra Comuna.&nbsp;<\/p>\n","protected":false},"excerpt":{"rendered":"<p>El Concejal Alejandro Soler Gutierrez, entiende que la seguridad p\u00fablica ciudadana es una de las principales preocupaciones de los Vecinos de Punta Arenas y de las familias chilenas, es responsabilidad&#8230; <a class=\"read-more\" href=\"https:\/\/www.radiopresidenteibanez.cl\/web\/concejal-soler-la-seguridad-publica-es-una-preocupacion-constante-de-los-vecinos-de-la-comuna-de-punta-arenas\/\">Leer m\u00e1s<\/a><\/p>\n","protected":false},"author":2,"featured_media":18556,"comment_status":"closed","ping_status":"closed","sticky":false,"template":"","format":"standard","meta":{"footnotes":""},"categories":[1],"tags":[],"class_list":["post-19435","post","type-post","status-publish","format-standard","has-post-thumbnail","hentry","category-cronica"],"_links":{"self":[{"href":"https:\/\/www.radiopresidenteibanez.cl\/web\/wp-json\/wp\/v2\/posts\/19435","targetHints":{"allow":["GET"]}}],"collection":[{"href":"https:\/\/www.radiopresidenteibanez.cl\/web\/wp-json\/wp\/v2\/posts"}],"about":[{"href":"https:\/\/www.radiopresidenteibanez.cl\/web\/wp-json\/wp\/v2\/types\/post"}],"author":[{"embeddable":true,"href":"https:\/\/www.radiopresidenteibanez.cl\/web\/wp-json\/wp\/v2\/users\/2"}],"replies":[{"embeddable":true,"href":"https:\/\/www.radiopresidenteibanez.cl\/web\/wp-json\/wp\/v2\/comments?post=19435"}],"version-history":[{"count":0,"href":"https:\/\/www.radiopresidenteibanez.cl\/web\/wp-json\/wp\/v2\/posts\/19435\/revisions"}],"wp:featuredmedia":[{"embeddable":true,"href":"https:\/\/www.radiopresidenteibanez.cl\/web\/wp-json\/wp\/v2\/media\/18556"}],"wp:attachment":[{"href":"https:\/\/www.radiopresidenteibanez.cl\/web\/wp-json\/wp\/v2\/media?parent=19435"}],"wp:term":[{"taxonomy":"category","embeddable":true,"href":"https:\/\/www.radiopresidenteibanez.cl\/web\/wp-json\/wp\/v2\/categories?post=19435"},{"taxonomy":"post_tag","embeddable":true,"href":"https:\/\/www.radiopresidenteibanez.cl\/web\/wp-json\/wp\/v2\/tags?post=19435"}],"curies":[{"name":"wp","href":"https:\/\/api.w.org\/{rel}","templated":true}]}}