{"id":19432,"date":"2021-03-22T15:44:40","date_gmt":"2021-03-22T15:44:40","guid":{"rendered":"https:\/\/www.radiopresidenteibanez.cl\/web\/?p=19432"},"modified":"2021-03-22T15:44:45","modified_gmt":"2021-03-22T15:44:45","slug":"ex-presidentes-de-la-democracia-cristiana-de-magallanes-entregan-publico-apoyo-a-candidato-a-gobernador-dr-jorge-flies","status":"publish","type":"post","link":"https:\/\/www.radiopresidenteibanez.cl\/web\/ex-presidentes-de-la-democracia-cristiana-de-magallanes-entregan-publico-apoyo-a-candidato-a-gobernador-dr-jorge-flies\/","title":{"rendered":"EX PRESIDENTES DE LA DEMOCRACIA CRISTIANA DE MAGALLANES ENTREGAN P\u00daBLICO APOYO A CANDIDATO A GOBERNADOR DR. JORGE FLIES"},"content":{"rendered":"\n<p>En Avenida Col\u00f3n con el Estrecho de Magallanes de fondo, este fin de semana Jorge Flies candidato a Gobernador Regional por el pacto Unidad Constituyente, recibi\u00f3 el apoyo de los ex presidentes de la Democracia Cristiana de Magallanes: Eugenia Mancilla, Jos\u00e9 Saldivia, Jorge Restovic, Oscar Vargas y Gabriel Mu\u00f1oz.<\/p>\n\n\n\n<p>En la ocasi\u00f3n los falangistas ratificaron el compromiso de apoyar al ganador de las primarias legales de noviembre pasado, se\u00f1alando que el futuro de Magallanes requiere de un gran esfuerzo de unidad de la oposici\u00f3n para derrotar a la derecha en las pr\u00f3ximas elecciones de abril.<\/p>\n\n\n\n<p>Al respecto, requerida por su opini\u00f3n Eugenia Mancilla se\u00f1al\u00f3 la importancia del apoyo entregado: \u201cSomos hist\u00f3ricos democratacristianos, comprometidos con las justas demandas de justicia social de nuestra poblaci\u00f3n, hemos liderado el partido en a\u00f1os complejos y no estamos disponibles para hipotecar el futuro pol\u00edtico por rencillas peque\u00f1as y caudillismos que la gente no comparte. Jorge Flies es un legitimo ganador de las primarias de nuestro pacto pol\u00edtico, un ex intendente de nuestra coalici\u00f3n y una persona intachable. Lo apoyamos sin condiciones. Ser\u00e1 un gran Gobernador Regional\u201d, finaliz\u00f3 la ex dirigente y ex intendenta regional.&nbsp;<\/p>\n","protected":false},"excerpt":{"rendered":"<p>En Avenida Col\u00f3n con el Estrecho de Magallanes de fondo, este fin de semana Jorge Flies candidato a Gobernador Regional por el pacto Unidad Constituyente, recibi\u00f3 el apoyo de los&#8230; <a class=\"read-more\" href=\"https:\/\/www.radiopresidenteibanez.cl\/web\/ex-presidentes-de-la-democracia-cristiana-de-magallanes-entregan-publico-apoyo-a-candidato-a-gobernador-dr-jorge-flies\/\">Leer m\u00e1s<\/a><\/p>\n","protected":false},"author":2,"featured_media":19433,"comment_status":"closed","ping_status":"closed","sticky":false,"template":"","format":"standard","meta":{"footnotes":""},"categories":[1],"tags":[],"class_list":["post-19432","post","type-post","status-publish","format-standard","has-post-thumbnail","hentry","category-cronica"],"_links":{"self":[{"href":"https:\/\/www.radiopresidenteibanez.cl\/web\/wp-json\/wp\/v2\/posts\/19432","targetHints":{"allow":["GET"]}}],"collection":[{"href":"https:\/\/www.radiopresidenteibanez.cl\/web\/wp-json\/wp\/v2\/posts"}],"about":[{"href":"https:\/\/www.radiopresidenteibanez.cl\/web\/wp-json\/wp\/v2\/types\/post"}],"author":[{"embeddable":true,"href":"https:\/\/www.radiopresidenteibanez.cl\/web\/wp-json\/wp\/v2\/users\/2"}],"replies":[{"embeddable":true,"href":"https:\/\/www.radiopresidenteibanez.cl\/web\/wp-json\/wp\/v2\/comments?post=19432"}],"version-history":[{"count":0,"href":"https:\/\/www.radiopresidenteibanez.cl\/web\/wp-json\/wp\/v2\/posts\/19432\/revisions"}],"wp:featuredmedia":[{"embeddable":true,"href":"https:\/\/www.radiopresidenteibanez.cl\/web\/wp-json\/wp\/v2\/media\/19433"}],"wp:attachment":[{"href":"https:\/\/www.radiopresidenteibanez.cl\/web\/wp-json\/wp\/v2\/media?parent=19432"}],"wp:term":[{"taxonomy":"category","embeddable":true,"href":"https:\/\/www.radiopresidenteibanez.cl\/web\/wp-json\/wp\/v2\/categories?post=19432"},{"taxonomy":"post_tag","embeddable":true,"href":"https:\/\/www.radiopresidenteibanez.cl\/web\/wp-json\/wp\/v2\/tags?post=19432"}],"curies":[{"name":"wp","href":"https:\/\/api.w.org\/{rel}","templated":true}]}}