{"id":19430,"date":"2021-03-22T15:41:53","date_gmt":"2021-03-22T15:41:53","guid":{"rendered":"https:\/\/www.radiopresidenteibanez.cl\/web\/?p=19430"},"modified":"2021-03-22T15:41:58","modified_gmt":"2021-03-22T15:41:58","slug":"que-le-falta-a-la-ciudad-para-ser-una-gran-ciudad-por-juan-morano-cornejo","status":"publish","type":"post","link":"https:\/\/www.radiopresidenteibanez.cl\/web\/que-le-falta-a-la-ciudad-para-ser-una-gran-ciudad-por-juan-morano-cornejo\/","title":{"rendered":"\u00abQUE LE FALTA A LA CIUDAD, PARA SER UNA GRAN CIUDAD\u00bb por Juan Morano Cornejo"},"content":{"rendered":"\n<p>Hace casi una d\u00e9cada, un medio de comunicaci\u00f3n me\npreguntaba, \u00bfQu\u00e9 le falta a Punta Arenas, para ser una gran ciudad?, le\nconteste lo que sigue.<\/p>\n\n\n\n<p>Para ver lo que le\nfalta a nuestra ciudad debemos partir con las cosas que tiene y que debemos procurar\nmantener y acrecentar. Esta opini\u00f3n adem\u00e1s no pretende ser cr\u00edtica a gesti\u00f3n\nalguna, pasada, presente o futura, muy por el contrario.<\/p>\n\n\n\n<p>Algo que debe cuidarse es la Ciudad\nintegrada en que vivimos, en que convivimos todos en todos nuestros barrios,\npoblaciones, villas y espacios, no&nbsp;existiendo&nbsp;segregaci\u00f3n y\ndiscriminaci\u00f3n en general.<\/p>\n\n\n\n<p>Debemos mantener y acrecentar\nnuestras escasas \u00e1reas verdes, a pesar de todo Punta Arenas en una ciudad con\nescasos espacios verdes, y los que tenemos debemos potenciarlos y\ndesarrollarlos lo m\u00e1s posible, algunas menciones, Parque Chabunco, Parque Don\nBosco, Parque Inundable&nbsp;Ram\u00f3n&nbsp;Rada y Mar\u00eda Behethy,&nbsp;menci\u00f3n&nbsp;especial\nmerece la Reserva Magallanes tan pr\u00f3xima a la Ciudad y tan poco disfrutada.<\/p>\n\n\n\n<p>Hemos logrado buena infraestructura\nen general,&nbsp;destac\u00e1ndose&nbsp;por ejemplo los sistemas colectores de aguas\nlluvias y la pavimentaci\u00f3n, pero fallando casi siempre en su&nbsp;mantenci\u00f3n\nadecuada, permanente y oportuna, no da lo mismo colectores sucios y tapados y\ncalles llenas de baches.<\/p>\n\n\n\n<p>Sobresaliente el Mercado Municipal,\nnuestra canchas y la &nbsp;infraestructura&nbsp;deportiva,\nfaltando si un lugar de encuentro del arte, la cultura, los eventos y el\ndeporte, pero techado. &nbsp;<\/p>\n\n\n\n<p>Tambi\u00e9n destaca nuestro Teatro\nMunicipal, pero nos falta un lugar para los que se atreven a navegar nuestras\naguas, una marina abrigada, donde puedan permanecer durante el a\u00f1o las\nembarcaciones, o un Edificio Consistorial, digno de la comunidad que debe\natender en forma moderna y eficiente, lo mismo que un rodoviario.&nbsp;<\/p>\n\n\n\n<p>C\u00f3mo no destacar nuestro Hospital\nRegional, envidia de otras regiones y profesionales de la salud que nos\nvisitan, que con sorpresa ven lo logrado con el trabajo conjunto de la Regi\u00f3n y\ndel Ministerio, claro que se deber\u00e1 &nbsp;mejorar la capacidad\nde&nbsp;atenci\u00f3n, las condiciones laborales de los\nsacrificados&nbsp;funcionarios&nbsp;tanto profesionales como t\u00e9cnicos y\nadministrativos.<\/p>\n\n\n\n<p>Debemos mantener y mejorar nuestra\nconectividad, especialmente la digital, que tanto nos falla, ser una ciudad m\u00e1s\namistosa con sus habitantes con capacidades especiales y sus adultos\nmayores.&nbsp;<\/p>\n\n\n\n<p>Esforzarnos por mantener nuestra\nforma y calidad de vida, que a\u00fan permite pasear por nuestras calles y avenidas\ncon seguridad, conociendo a nuestros vecinos, siendo solidarios y fraternos,\nocupando los espacios p\u00fablicos, etc, afianzamos la seguridad ciudadana.<\/p>\n\n\n\n<p>Debemos ser de verdad un centro que\ndesde Chile y el mundo&nbsp;elijan&nbsp;para realizar sus eventos, encuentros,\nseminarios y turismo, al menos ser la ciudad de servicios que acoge y se\ntransforma en la base de operaciones de toda la Patagonia y especialmente del\nTerritorio Ant\u00e1rtico.&nbsp;<\/p>\n\n\n\n<p>Mejores sistemas de emergencias y de\nprevenci\u00f3n, nunca m\u00e1s un evento previsible, como el desborde de nuestro R\u00edo de\nLas Minas, puede provocar tanto da\u00f1o material como&nbsp;psicol\u00f3gico, y aqu\u00ed al\nparecer estamos haciendo poco, s\u00f3lo remediando malamente lo material, pero sin\nmitigar lo emocional, sin prevenir la pr\u00f3xima crecida. Es bueno prepararse para\nun terremoto y un tsunami, pero es tambi\u00e9n necesario hacerlo para las avenidas\nde los r\u00edos, los temporales de viento y las nevadas.<\/p>\n\n\n\n<p>Debemos en definitiva prepararnos y\npreparar el Punta Arenas del Quinto Centenario, De 1520, nuestro encuentro con\nel mundo occidental al 2020, quinientos a\u00f1os despu\u00e9s debemos poder ser el Faro\ndel desarrollo y progreso del cono sur de Am\u00e9rica, pero un desarrollo\nsustentable, respetuoso del medio ambiente, que crece con equidad y en justicia\nsocial.<\/p>\n\n\n\n<p>Juzgue usted querido lector y haga su\npropio an\u00e1lisis, que sea una buena semana.<\/p>\n","protected":false},"excerpt":{"rendered":"<p>Hace casi una d\u00e9cada, un medio de comunicaci\u00f3n me preguntaba, \u00bfQu\u00e9 le falta a Punta Arenas, para ser una gran ciudad?, le conteste lo que sigue. Para ver lo que&#8230; <a class=\"read-more\" href=\"https:\/\/www.radiopresidenteibanez.cl\/web\/que-le-falta-a-la-ciudad-para-ser-una-gran-ciudad-por-juan-morano-cornejo\/\">Leer m\u00e1s<\/a><\/p>\n","protected":false},"author":2,"featured_media":1768,"comment_status":"closed","ping_status":"closed","sticky":false,"template":"","format":"standard","meta":{"footnotes":""},"categories":[1],"tags":[],"class_list":["post-19430","post","type-post","status-publish","format-standard","has-post-thumbnail","hentry","category-cronica"],"_links":{"self":[{"href":"https:\/\/www.radiopresidenteibanez.cl\/web\/wp-json\/wp\/v2\/posts\/19430","targetHints":{"allow":["GET"]}}],"collection":[{"href":"https:\/\/www.radiopresidenteibanez.cl\/web\/wp-json\/wp\/v2\/posts"}],"about":[{"href":"https:\/\/www.radiopresidenteibanez.cl\/web\/wp-json\/wp\/v2\/types\/post"}],"author":[{"embeddable":true,"href":"https:\/\/www.radiopresidenteibanez.cl\/web\/wp-json\/wp\/v2\/users\/2"}],"replies":[{"embeddable":true,"href":"https:\/\/www.radiopresidenteibanez.cl\/web\/wp-json\/wp\/v2\/comments?post=19430"}],"version-history":[{"count":0,"href":"https:\/\/www.radiopresidenteibanez.cl\/web\/wp-json\/wp\/v2\/posts\/19430\/revisions"}],"wp:featuredmedia":[{"embeddable":true,"href":"https:\/\/www.radiopresidenteibanez.cl\/web\/wp-json\/wp\/v2\/media\/1768"}],"wp:attachment":[{"href":"https:\/\/www.radiopresidenteibanez.cl\/web\/wp-json\/wp\/v2\/media?parent=19430"}],"wp:term":[{"taxonomy":"category","embeddable":true,"href":"https:\/\/www.radiopresidenteibanez.cl\/web\/wp-json\/wp\/v2\/categories?post=19430"},{"taxonomy":"post_tag","embeddable":true,"href":"https:\/\/www.radiopresidenteibanez.cl\/web\/wp-json\/wp\/v2\/tags?post=19430"}],"curies":[{"name":"wp","href":"https:\/\/api.w.org\/{rel}","templated":true}]}}