{"id":19428,"date":"2021-03-22T15:40:32","date_gmt":"2021-03-22T15:40:32","guid":{"rendered":"https:\/\/www.radiopresidenteibanez.cl\/web\/?p=19428"},"modified":"2021-03-22T15:40:37","modified_gmt":"2021-03-22T15:40:37","slug":"palabras-que-sanen-por-ernesto-sepulveda-tornero","status":"publish","type":"post","link":"https:\/\/www.radiopresidenteibanez.cl\/web\/palabras-que-sanen-por-ernesto-sepulveda-tornero\/","title":{"rendered":"\u00abPALABRAS QUE SANEN\u00bb por Ernesto Sep\u00falveda Tornero"},"content":{"rendered":"\n<p>En la \u00faltima semana, han hecho noticias las expresiones de la\npresidenta del colegio m\u00e9dico, Izkia Siches. En un podcast difundido\nampliamente, desliza duras palabras para referirse a las autoridades de\ngobierno, y su manejo de la pandemia. Varios de los aludidos reaccionaron\nen\u00e9rgicamente, por considerar insultantes dichas expresiones. Y se ha generado\nuna discusi\u00f3n en redes sociales, acerca de la pertinencia de ellas, y si\ncorresponde a un debate, donde se dicen las cosas por su nombre. O constituyen\nmas bien, meros insultos dirigidos a quienes no tienes enfrente en ese momento.\nSe coordin\u00f3 una declaraci\u00f3n de reclamo, suscrita por los directores de\nservicios de salud, de todo el pa\u00eds. Y la ministra vocera, que tambi\u00e9n es\nm\u00e9dico, emiti\u00f3 una declaraci\u00f3n suscrita en esa calidad, donde criticaba\nfuertemente a la doctora Siches. Unas expresiones motivadas por la molestia y\nla frustraci\u00f3n de lidiar, con un gobierno indolente, fueron aprovechadas por el\nmismo gobierno, para infringirle una derrota pol\u00edtica, a quien ha sido su mas\ntenaz cr\u00edtica por la gesti\u00f3n sanitaria.<\/p>\n\n\n\n<p>&nbsp;&nbsp;&nbsp;&nbsp;&nbsp;&nbsp;&nbsp;&nbsp;&nbsp;&nbsp;&nbsp;&nbsp;&nbsp;&nbsp;&nbsp;&nbsp;&nbsp;&nbsp;&nbsp;&nbsp;&nbsp;&nbsp;&nbsp;&nbsp;&nbsp;&nbsp;&nbsp;&nbsp;&nbsp;&nbsp;&nbsp;&nbsp;&nbsp;&nbsp;&nbsp;&nbsp;&nbsp;&nbsp;&nbsp;&nbsp;&nbsp; El\ntema en cuesti\u00f3n, no debiera ocupar ning\u00fan segundo en pantalla ni en los otros\nmedios. Se trata de expresiones ofensivas, que era f\u00e1cil de prever, provocar\u00edan\nuna reacci\u00f3n. Constituyen un desprop\u00f3sito, y no hay vuelta que darle. Porque\nnos distraen de nuestro objetivo principal, el esfuerzo por controlar la pandemia.\nMe incluyo dentro de los much\u00edsimos que admiran a la doctora Siches, por algo\nha sido incluida entre las 100 mujeres m\u00e1s importantes por la revista Time.\nPero la admiraci\u00f3n no nos puede cegar. Fue un error y se debe reconocer. Lamentablemente,\nla incapacidad de autocr\u00edtica, campea a ambos lados del espectro pol\u00edtico. Y es\nnotoriamente escasa, entre quienes aspiran a dirigir el pa\u00eds. Si uno se\nresbala, ah\u00ed est\u00e1 el resto abalanz\u00e1ndose encima, para pisotearlo o patearlo en\nel suelo.<\/p>\n\n\n\n<p>&nbsp;&nbsp;&nbsp;&nbsp;&nbsp;&nbsp;&nbsp;&nbsp;&nbsp;&nbsp;&nbsp;&nbsp;&nbsp;&nbsp;&nbsp;&nbsp;&nbsp;&nbsp;&nbsp;&nbsp;&nbsp;&nbsp;&nbsp;&nbsp;&nbsp;&nbsp;&nbsp;&nbsp;&nbsp;&nbsp;&nbsp;&nbsp;&nbsp;&nbsp;&nbsp;&nbsp;&nbsp;&nbsp;&nbsp;&nbsp;&nbsp; Aunque\na ratos, parece algo pasado de moda, el respeto, el guardar las formas, es\nnecesario para mejorar nuestra vida en sociedad. Es imprescindible en quienes\ndirigen y conviven en la actividad pol\u00edtica. Los l\u00edderes pol\u00edticos y sociales,\ntienen un primer deber, y es el contribuir con sus palabras y su actuar, a un\nclima de entendimiento y de paz. No es leg\u00edtimo usar un lenguaje insultante, o\ndenigrante, s\u00f3lo para captar la atenci\u00f3n. La degradaci\u00f3n del adversario, el\nataque a las minor\u00edas, est\u00e1 a la base de los totalitarismos que desangraron el\nplaneta en el siglo XX. No hay que tomarlo con ligereza.&nbsp;&nbsp;&nbsp;&nbsp;&nbsp;&nbsp;&nbsp;&nbsp;&nbsp;&nbsp;&nbsp; Y debemos estar atentos a identificar, a esos hombre y\nmujeres de la pol\u00edtica, que hacen su discurso, en base a la descalificaci\u00f3n de\nlos otros. Los que fomentan la animosidad, cuando no, derechamente el odio,\nhacia los otros, no est\u00e1n en la senda de construir una sociedad mejor para\ntodos y todas.<\/p>\n\n\n\n<p>&nbsp;&nbsp;&nbsp;&nbsp;&nbsp;&nbsp;&nbsp;&nbsp;&nbsp;&nbsp;&nbsp;&nbsp;&nbsp;&nbsp;&nbsp;&nbsp;&nbsp;&nbsp;&nbsp;&nbsp;&nbsp;&nbsp;&nbsp;&nbsp;&nbsp;&nbsp;&nbsp;&nbsp;&nbsp;&nbsp;&nbsp;&nbsp;&nbsp;&nbsp;&nbsp;&nbsp;&nbsp;&nbsp;&nbsp;&nbsp;&nbsp; No\nse trata de ocultar, de disimular, o de negar nuestras diferencias pol\u00edticas,\nsociales, econ\u00f3micas, religiosas, por el contrario, se trata de reconocerlas y\naceptarlas. La discusi\u00f3n democr\u00e1tica que iniciaremos este a\u00f1o, en la convenci\u00f3n\nconstituyente, se realizar\u00e1 as\u00ed. Ning\u00fan sector podr\u00e1 invisibilizar, ignorar,\nprohibir o suprimir al otro. En este momento c\u00falmine de nuestras vidas, cuando\nlibramos una batalla sin igual, por nuestra sobrevivencia, estamos obligados a\nentendernos, a aceptarnos. <\/p>\n\n\n\n<p>&nbsp;&nbsp;&nbsp;&nbsp;&nbsp;&nbsp;&nbsp;&nbsp;&nbsp;&nbsp;&nbsp;&nbsp;&nbsp; &nbsp;&nbsp;&nbsp;&nbsp;&nbsp;&nbsp;&nbsp;&nbsp;&nbsp;&nbsp;&nbsp;&nbsp;&nbsp;&nbsp;&nbsp;&nbsp;&nbsp;&nbsp;&nbsp;&nbsp;&nbsp;&nbsp;&nbsp;&nbsp;&nbsp;&nbsp; Mirando nuestro\ntr\u00e1gico pasado hist\u00f3rico, creo que la forma de honrar a nuestros h\u00e9roes y\nm\u00e1rtires, es haciendo que triunfe la cultura de la vida, por sobre la cultura\nde la muerte. Haciendo que brille la verdad, por sobre las tinieblas de la\nmentira y el enga\u00f1o. &nbsp;Debemos mirar al\npa\u00eds, a nuestra comunidad de Magallanes, como miramos a nuestros hijos e hijas.\nCon qu\u00e9 amor y dedicaci\u00f3n los cuidamos. Qu\u00e9 no hacemos, \u00bfqu\u00e9 no har\u00edamos por\nellos? Esa es la verdadera revoluci\u00f3n. Ver a la sociedad, a la comunidad, como\na nuestra propia familia. Velar por los otros, c\u00f3mo velaban nuestros padres por\nnosotros mismos. Eso es lo radical, es lo m\u00e1s comprometido, lo m\u00e1s progresista,\ny a la vez lo m\u00e1s moderno e innovador. Mirar la esfera p\u00fablica, como el lugar\ndonde se comparte y se construye, para que mejoremos todos. Actuar con\naltruismo, hacer las cosas por la satisfacci\u00f3n de hacer lo correcto, porque es lo\nque debe hacerse, y no hacerlo, por codicia o por competir con los otros.<\/p>\n\n\n\n<p>&nbsp;&nbsp;&nbsp;&nbsp;&nbsp;&nbsp;&nbsp;&nbsp;&nbsp;&nbsp;&nbsp;&nbsp;&nbsp;&nbsp;&nbsp;&nbsp;&nbsp;&nbsp;&nbsp;&nbsp;&nbsp;&nbsp;&nbsp;&nbsp;&nbsp;&nbsp;&nbsp;&nbsp;&nbsp;&nbsp;&nbsp;&nbsp;&nbsp;&nbsp;&nbsp;&nbsp;&nbsp;&nbsp;&nbsp; Las\nnuevas respuestas, para las nuevas preguntas, las encontraremos de ese modo.\nCuando nos demos cuenta, perderemos menos tiempo dando explicaciones o pidiendo\ndisculpas, por lo que dijimos o dejamos de decir.<\/p>\n\n\n\n<p>Ernesto Sep\u00falveda <\/p>\n","protected":false},"excerpt":{"rendered":"<p>En la \u00faltima semana, han hecho noticias las expresiones de la presidenta del colegio m\u00e9dico, Izkia Siches. En un podcast difundido ampliamente, desliza duras palabras para referirse a las autoridades&#8230; <a class=\"read-more\" href=\"https:\/\/www.radiopresidenteibanez.cl\/web\/palabras-que-sanen-por-ernesto-sepulveda-tornero\/\">Leer m\u00e1s<\/a><\/p>\n","protected":false},"author":2,"featured_media":2310,"comment_status":"closed","ping_status":"closed","sticky":false,"template":"","format":"standard","meta":{"footnotes":""},"categories":[1],"tags":[],"class_list":["post-19428","post","type-post","status-publish","format-standard","has-post-thumbnail","hentry","category-cronica"],"_links":{"self":[{"href":"https:\/\/www.radiopresidenteibanez.cl\/web\/wp-json\/wp\/v2\/posts\/19428","targetHints":{"allow":["GET"]}}],"collection":[{"href":"https:\/\/www.radiopresidenteibanez.cl\/web\/wp-json\/wp\/v2\/posts"}],"about":[{"href":"https:\/\/www.radiopresidenteibanez.cl\/web\/wp-json\/wp\/v2\/types\/post"}],"author":[{"embeddable":true,"href":"https:\/\/www.radiopresidenteibanez.cl\/web\/wp-json\/wp\/v2\/users\/2"}],"replies":[{"embeddable":true,"href":"https:\/\/www.radiopresidenteibanez.cl\/web\/wp-json\/wp\/v2\/comments?post=19428"}],"version-history":[{"count":0,"href":"https:\/\/www.radiopresidenteibanez.cl\/web\/wp-json\/wp\/v2\/posts\/19428\/revisions"}],"wp:featuredmedia":[{"embeddable":true,"href":"https:\/\/www.radiopresidenteibanez.cl\/web\/wp-json\/wp\/v2\/media\/2310"}],"wp:attachment":[{"href":"https:\/\/www.radiopresidenteibanez.cl\/web\/wp-json\/wp\/v2\/media?parent=19428"}],"wp:term":[{"taxonomy":"category","embeddable":true,"href":"https:\/\/www.radiopresidenteibanez.cl\/web\/wp-json\/wp\/v2\/categories?post=19428"},{"taxonomy":"post_tag","embeddable":true,"href":"https:\/\/www.radiopresidenteibanez.cl\/web\/wp-json\/wp\/v2\/tags?post=19428"}],"curies":[{"name":"wp","href":"https:\/\/api.w.org\/{rel}","templated":true}]}}