{"id":19425,"date":"2021-03-22T15:36:33","date_gmt":"2021-03-22T15:36:33","guid":{"rendered":"https:\/\/www.radiopresidenteibanez.cl\/web\/?p=19425"},"modified":"2021-03-22T15:36:38","modified_gmt":"2021-03-22T15:36:38","slug":"el-agua-elemento-precioso-por-christian-adema-galetovic-gerente-regional-aguas-magallanes","status":"publish","type":"post","link":"https:\/\/www.radiopresidenteibanez.cl\/web\/el-agua-elemento-precioso-por-christian-adema-galetovic-gerente-regional-aguas-magallanes\/","title":{"rendered":"\u00abEL AGUA, ELEMENTO PRECIOSO\u00bb por Christian Adema Galetovic, Gerente regional Aguas Magallanes"},"content":{"rendered":"\n<p>Cada 22 de marzo, nos invita a mirar con sentido cr\u00edtico los diversos aspectos ligados a este vital recurso, desde siempre, un elemento precioso: el agua. En Chile, casi el 90% de la poblaci\u00f3n vive en zonas urbanas, los que s\u00f3lo en Magallanes, 57 mil familias reciben y consumen a diario, aproximadamente 40 millones de litros de agua potable de calidad y adem\u00e1s, de manera continua. Para la mayor\u00eda, solo basta el simple acto de abrir una llave para recibir este vital recurso y no nos damos cuenta de ello, solo nos percatamos cuando falta. Sin embargo, lo que se podr\u00eda considerar algo \u201cnormal y cotidiano\u201d no puede alejarnos del valor que representa para el planeta, para la existencia de la humanidad y de las futuras generaciones. Un recurso que depende, en gran medida, del cuidado ambiental de nuestro planeta y el uso responsable que le damos, desde las m\u00e1s simples y diversas actividades cotidianas a lo industrial.<\/p>\n\n\n\n<p>El valor del agua, particularmente en un contexto de la pandemia que estamos viviendo, ha sido un desaf\u00edo a gran escala para el sector sanitario. \u201cA nadie le faltar\u00e1 agua en esta crisis\u201d fue nuestro compromiso para responder a la necesidad de dar y mantener la continuidad del suministro, entendiendo la relevancia de este recurso para, precisamente, combatir el flagelo del coronavirus.<\/p>\n\n\n\n<p>Hoy, damos un valor especial al agua y a su protagonismo en lo que significa el autocuidado, el lavado de manos, contar con este recurso para la limpieza y sanitizaci\u00f3n de espacios p\u00fablicos, oficinas, centros de salud y, por supuesto, abastecer a cada uno de los hogares que atendemos, las 24 horas del d\u00eda y los 365 d\u00edas del a\u00f1o.<\/p>\n\n\n\n<p>Cuando reflexionamos sobre el valor del agua, su acceso, calidad y cuidados tambi\u00e9n frente al cambio clim\u00e1tico y observamos otras desafortunadas realidades en nuestro continente, podemos sentirnos orgullosos del esfuerzo y compromiso de nuestro pa\u00eds y en especial de quienes formamos parte del Grupo Aguas Nuevas.<\/p>\n\n\n\n<p>En Aguas Magallanes, vemos hoy el resultado de a\u00f1os de trabajo. Seguimos adelante concretando importantes inversiones en equipamiento, infraestructura y tecnolog\u00eda, para continuar dando respuesta a la demanda y necesidades de las comunidades que atendemos, sin distinci\u00f3n de ning\u00fan tipo, comprometidos con la comunidad y con el cuidado del medioambiente, y entendiendo siempre, que el agua, este magn\u00edfico elemento precioso, significa vida y dignidad para todos.<\/p>\n\n\n\n<p><strong>Christian Adema Galetovic<\/strong><\/p>\n\n\n\n<p><strong><em>Gerente regional Aguas Magallanes<\/em><\/strong><\/p>\n","protected":false},"excerpt":{"rendered":"<p>Cada 22 de marzo, nos invita a mirar con sentido cr\u00edtico los diversos aspectos ligados a este vital recurso, desde siempre, un elemento precioso: el agua. En Chile, casi el&#8230; <a class=\"read-more\" href=\"https:\/\/www.radiopresidenteibanez.cl\/web\/el-agua-elemento-precioso-por-christian-adema-galetovic-gerente-regional-aguas-magallanes\/\">Leer m\u00e1s<\/a><\/p>\n","protected":false},"author":2,"featured_media":19426,"comment_status":"closed","ping_status":"closed","sticky":false,"template":"","format":"standard","meta":{"footnotes":""},"categories":[1],"tags":[],"class_list":["post-19425","post","type-post","status-publish","format-standard","has-post-thumbnail","hentry","category-cronica"],"_links":{"self":[{"href":"https:\/\/www.radiopresidenteibanez.cl\/web\/wp-json\/wp\/v2\/posts\/19425","targetHints":{"allow":["GET"]}}],"collection":[{"href":"https:\/\/www.radiopresidenteibanez.cl\/web\/wp-json\/wp\/v2\/posts"}],"about":[{"href":"https:\/\/www.radiopresidenteibanez.cl\/web\/wp-json\/wp\/v2\/types\/post"}],"author":[{"embeddable":true,"href":"https:\/\/www.radiopresidenteibanez.cl\/web\/wp-json\/wp\/v2\/users\/2"}],"replies":[{"embeddable":true,"href":"https:\/\/www.radiopresidenteibanez.cl\/web\/wp-json\/wp\/v2\/comments?post=19425"}],"version-history":[{"count":0,"href":"https:\/\/www.radiopresidenteibanez.cl\/web\/wp-json\/wp\/v2\/posts\/19425\/revisions"}],"wp:featuredmedia":[{"embeddable":true,"href":"https:\/\/www.radiopresidenteibanez.cl\/web\/wp-json\/wp\/v2\/media\/19426"}],"wp:attachment":[{"href":"https:\/\/www.radiopresidenteibanez.cl\/web\/wp-json\/wp\/v2\/media?parent=19425"}],"wp:term":[{"taxonomy":"category","embeddable":true,"href":"https:\/\/www.radiopresidenteibanez.cl\/web\/wp-json\/wp\/v2\/categories?post=19425"},{"taxonomy":"post_tag","embeddable":true,"href":"https:\/\/www.radiopresidenteibanez.cl\/web\/wp-json\/wp\/v2\/tags?post=19425"}],"curies":[{"name":"wp","href":"https:\/\/api.w.org\/{rel}","templated":true}]}}