{"id":19420,"date":"2021-03-22T15:30:47","date_gmt":"2021-03-22T15:30:47","guid":{"rendered":"https:\/\/www.radiopresidenteibanez.cl\/web\/?p=19420"},"modified":"2021-03-22T15:30:52","modified_gmt":"2021-03-22T15:30:52","slug":"minvu-invita-a-la-ciudadania-a-postular-al-subsidio-de-arriendo-especial-clase-media","status":"publish","type":"post","link":"https:\/\/www.radiopresidenteibanez.cl\/web\/minvu-invita-a-la-ciudadania-a-postular-al-subsidio-de-arriendo-especial-clase-media\/","title":{"rendered":"MINVU INVITA A LA CIUDADAN\u00cdA A POSTULAR AL SUBSIDIO DE ARRIENDO ESPECIAL CLASE MEDIA"},"content":{"rendered":"\n<p>El seremi de Vivienda y Urbanismo,&nbsp;<strong>Jos\u00e9 Miguel Horcos<\/strong>, manifest\u00f3 que se encuentra abierto el proceso de postulaci\u00f3n al&nbsp;<strong>Subsidio de Arriendo Especial Clase Media<\/strong>, beneficio especial para familias que se han visto afectadas econ\u00f3micamente como efecto de la pandemia por Covid-19 y que en su modalidad 2021 incluye una cobertura de hasta $250.000 mensual, el pago equivalente a tres meses de una vez al arrendador y permite a&nbsp;qui\u00e9nes ya fueron beneficiados en 2020 que puedan volver a postular.<\/p>\n\n\n\n<p>Se trata de un llamado de postulaci\u00f3n 100% online a trav\u00e9s del sitio web&nbsp;<a href=\"http:\/\/www.minvu.cl\/\" target=\"_blank\" rel=\"noreferrer noopener\">www.minvu.cl<\/a>&nbsp;y el proceso est\u00e1 abierto del pasado 16 de marzo hasta el 31 de mayo, con cierres parciales para adelantar el inicio de los pagos y las familias no deban esperar hasta el cierre total para adjudicarse el subsidio.<\/p>\n\n\n\n<p>\u201cEl a\u00f1o pasado realizamos un llamado similar con el objetivo de ir en ayuda inmediata de aquellas familias que se han visto perjudicadas con la pandemia que nos afecta. En Magallanes no hemos estado exentos de ese fen\u00f3meno y tal como en el llamado anterior, invitamos a las familias de la regi\u00f3n que est\u00e1n arrendando una vivienda, a que entren a nuestra web porque vamos a ir en ayuda lo antes posible\u201d, destac\u00f3 el seremi Jos\u00e9 Miguel Horcos.<\/p>\n\n\n\n<p>En tanto, el ministro&nbsp;<strong>Felipe Ward<\/strong>, &nbsp;detall\u00f3 que \u201centendemos el sentido de urgencia que est\u00e1n viviendo miles de familias del pa\u00eds y, por eso, flexibilizamos los requisitos de postulaci\u00f3n a este subsidio, porque como Gobierno entendemos que hay muchas personas que han entrado en situaci\u00f3n de vulnerabilidad producto de la pandemia y requieren de la ayuda del Estado para el pago de su arriendo\u201d.<\/p>\n\n\n\n<p>El subsidio se entregar\u00e1 por tres meses y el monto a asignar es de hasta $250.000 y el valor m\u00e1ximo de la vivienda a arrendar es de $600.000. Cuenta con una cobertura de hasta 70% del arriendo y un copago m\u00ednimo de 30% por parte del beneficiario. As\u00ed, por ejemplo, un arriendo que cuesta $350.000 obtendr\u00e1 una cobertura de $245.000, quedando un copago de $105.000 para la familia.<\/p>\n\n\n\n<p><strong>\u00bfCu\u00e1les son los requisitos para postular?<\/strong><strong><\/strong><\/p>\n\n\n\n<p>\u00b7&nbsp;&nbsp;&nbsp;&nbsp;&nbsp;&nbsp;&nbsp;&nbsp;&nbsp;Demostrar p\u00e9rdida de empleo o baja de m\u00e1s del 30% de ingresos.<\/p>\n\n\n\n<p>\u00b7&nbsp;&nbsp;&nbsp;&nbsp;&nbsp;&nbsp;&nbsp;&nbsp;&nbsp;Declaraci\u00f3n del n\u00facleo familiar con el que se postular (Pueden postular personas con y sin RSH).<\/p>\n\n\n\n<p>\u00b7&nbsp;&nbsp;&nbsp;&nbsp;&nbsp;&nbsp;&nbsp;&nbsp;&nbsp;Estar arrendando una vivienda actualmente de hasta $600.000.<\/p>\n\n\n\n<p>\u00b7&nbsp;&nbsp;&nbsp;&nbsp;&nbsp;&nbsp;&nbsp;&nbsp;&nbsp;Presentar los documentos de postulaci\u00f3n.<\/p>\n","protected":false},"excerpt":{"rendered":"<p>El seremi de Vivienda y Urbanismo,&nbsp;Jos\u00e9 Miguel Horcos, manifest\u00f3 que se encuentra abierto el proceso de postulaci\u00f3n al&nbsp;Subsidio de Arriendo Especial Clase Media, beneficio especial para familias que se han&#8230; <a class=\"read-more\" href=\"https:\/\/www.radiopresidenteibanez.cl\/web\/minvu-invita-a-la-ciudadania-a-postular-al-subsidio-de-arriendo-especial-clase-media\/\">Leer m\u00e1s<\/a><\/p>\n","protected":false},"author":2,"featured_media":19421,"comment_status":"closed","ping_status":"closed","sticky":false,"template":"","format":"standard","meta":{"footnotes":""},"categories":[1],"tags":[],"class_list":["post-19420","post","type-post","status-publish","format-standard","has-post-thumbnail","hentry","category-cronica"],"_links":{"self":[{"href":"https:\/\/www.radiopresidenteibanez.cl\/web\/wp-json\/wp\/v2\/posts\/19420","targetHints":{"allow":["GET"]}}],"collection":[{"href":"https:\/\/www.radiopresidenteibanez.cl\/web\/wp-json\/wp\/v2\/posts"}],"about":[{"href":"https:\/\/www.radiopresidenteibanez.cl\/web\/wp-json\/wp\/v2\/types\/post"}],"author":[{"embeddable":true,"href":"https:\/\/www.radiopresidenteibanez.cl\/web\/wp-json\/wp\/v2\/users\/2"}],"replies":[{"embeddable":true,"href":"https:\/\/www.radiopresidenteibanez.cl\/web\/wp-json\/wp\/v2\/comments?post=19420"}],"version-history":[{"count":0,"href":"https:\/\/www.radiopresidenteibanez.cl\/web\/wp-json\/wp\/v2\/posts\/19420\/revisions"}],"wp:featuredmedia":[{"embeddable":true,"href":"https:\/\/www.radiopresidenteibanez.cl\/web\/wp-json\/wp\/v2\/media\/19421"}],"wp:attachment":[{"href":"https:\/\/www.radiopresidenteibanez.cl\/web\/wp-json\/wp\/v2\/media?parent=19420"}],"wp:term":[{"taxonomy":"category","embeddable":true,"href":"https:\/\/www.radiopresidenteibanez.cl\/web\/wp-json\/wp\/v2\/categories?post=19420"},{"taxonomy":"post_tag","embeddable":true,"href":"https:\/\/www.radiopresidenteibanez.cl\/web\/wp-json\/wp\/v2\/tags?post=19420"}],"curies":[{"name":"wp","href":"https:\/\/api.w.org\/{rel}","templated":true}]}}