{"id":19417,"date":"2021-03-22T15:28:24","date_gmt":"2021-03-22T15:28:24","guid":{"rendered":"https:\/\/www.radiopresidenteibanez.cl\/web\/?p=19417"},"modified":"2021-03-22T15:28:29","modified_gmt":"2021-03-22T15:28:29","slug":"concejo-municipal-de-natales-aprueba-por-unanimidad-el-nuevo-plan-de-desarrollo-comunal","status":"publish","type":"post","link":"https:\/\/www.radiopresidenteibanez.cl\/web\/concejo-municipal-de-natales-aprueba-por-unanimidad-el-nuevo-plan-de-desarrollo-comunal\/","title":{"rendered":"CONCEJO MUNICIPAL DE NATALES APRUEBA POR UNANIMIDAD EL NUEVO PLAN DE DESARROLLO COMUNAL"},"content":{"rendered":"\n<p>En la sesi\u00f3n\nordinaria de este jueves 18 de marzo, el Concejo Municipal en pleno aprob\u00f3 la\nnueva carta de navegaci\u00f3n para la ciudad durante los pr\u00f3ximos cinco a\u00f1os,\npermitiendo validar los siete ejes de desarrollo comunal con sus 22 \u00e1mbitos. <\/p>\n\n\n\n<p>Las siete\n\u00e1reas estrat\u00e9gicas que espera promover el PLADECO son cultura, medio ambiente, social,\nturismo, territorial, sector productivo y gesti\u00f3n municipal. Todas trabajadas a\ntrav\u00e9s de diversas consultas ciudadanas realizadas en las zonas rurales y\nurbanas de Natales.<\/p>\n\n\n\n<p>El alcalde de\nla comuna, Fernando Paredes Mansilla, se mostr\u00f3 contento y valor\u00f3 la\nparticipaci\u00f3n ciudadana en este plan. \u201cAgradecer todo el proceso de\nparticipaci\u00f3n que se sostuvo con todas las organizaciones comunitarias de\nPuerto Natales y con la comunidad, pero tambi\u00e9n valorar y agradecer el trabajo\ny el compromiso del Concejo Municipal en pleno\u201d.<\/p>\n\n\n\n<p>&nbsp;La nueva actualizaci\u00f3n al Plan de Desarrollo\nComunal va en la l\u00ednea del ordenamiento integral del espacio p\u00fablico, proyectando\nun progreso acorde a las necesidades de la comuna y sus habitantes.<\/p>\n\n\n\n<p>\u201cHoy d\u00eda tengo\nla satisfacci\u00f3n de poder entregar a la futura administraci\u00f3n un instructivo y\nplan estrat\u00e9gico que fija las l\u00edneas de acci\u00f3n para el trabajo pr\u00f3ximo. El\norgullo que tenemos es que entregamos un instrumento de planificaci\u00f3n que da\ncuenta del desarrollo actual y lo que requiere por los pr\u00f3ximos a\u00f1os la comuna\nde Natales\u201d, indic\u00f3 Fernando Paredes.<\/p>\n\n\n\n<p>La\npresentaci\u00f3n estuvo a cargo del director de la Secretar\u00eda Comunal de\nPlanificaci\u00f3n y el encargado de la Unidad de Gesti\u00f3n Municipal, quienes\ndestacaron como un hito la creaci\u00f3n de la p\u00e1gina web exclusiva para el PLADECO.\nJunto con lo anterior, resaltaron la importancia de contar con una plataforma\nonline de seguimiento de los planes de acci\u00f3n.<\/p>\n\n\n\n<p>Cabe destacar\nque el PLADECO es un instrumento rector de la comuna que busca promover el\navance social, econ\u00f3mico y cultural, siendo una gu\u00eda de planificaci\u00f3n para la\nMunicipalidad de Natales. <\/p>\n","protected":false},"excerpt":{"rendered":"<p>En la sesi\u00f3n ordinaria de este jueves 18 de marzo, el Concejo Municipal en pleno aprob\u00f3 la nueva carta de navegaci\u00f3n para la ciudad durante los pr\u00f3ximos cinco a\u00f1os, permitiendo&#8230; <a class=\"read-more\" href=\"https:\/\/www.radiopresidenteibanez.cl\/web\/concejo-municipal-de-natales-aprueba-por-unanimidad-el-nuevo-plan-de-desarrollo-comunal\/\">Leer m\u00e1s<\/a><\/p>\n","protected":false},"author":2,"featured_media":19418,"comment_status":"closed","ping_status":"closed","sticky":false,"template":"","format":"standard","meta":{"footnotes":""},"categories":[1],"tags":[],"class_list":["post-19417","post","type-post","status-publish","format-standard","has-post-thumbnail","hentry","category-cronica"],"_links":{"self":[{"href":"https:\/\/www.radiopresidenteibanez.cl\/web\/wp-json\/wp\/v2\/posts\/19417","targetHints":{"allow":["GET"]}}],"collection":[{"href":"https:\/\/www.radiopresidenteibanez.cl\/web\/wp-json\/wp\/v2\/posts"}],"about":[{"href":"https:\/\/www.radiopresidenteibanez.cl\/web\/wp-json\/wp\/v2\/types\/post"}],"author":[{"embeddable":true,"href":"https:\/\/www.radiopresidenteibanez.cl\/web\/wp-json\/wp\/v2\/users\/2"}],"replies":[{"embeddable":true,"href":"https:\/\/www.radiopresidenteibanez.cl\/web\/wp-json\/wp\/v2\/comments?post=19417"}],"version-history":[{"count":0,"href":"https:\/\/www.radiopresidenteibanez.cl\/web\/wp-json\/wp\/v2\/posts\/19417\/revisions"}],"wp:featuredmedia":[{"embeddable":true,"href":"https:\/\/www.radiopresidenteibanez.cl\/web\/wp-json\/wp\/v2\/media\/19418"}],"wp:attachment":[{"href":"https:\/\/www.radiopresidenteibanez.cl\/web\/wp-json\/wp\/v2\/media?parent=19417"}],"wp:term":[{"taxonomy":"category","embeddable":true,"href":"https:\/\/www.radiopresidenteibanez.cl\/web\/wp-json\/wp\/v2\/categories?post=19417"},{"taxonomy":"post_tag","embeddable":true,"href":"https:\/\/www.radiopresidenteibanez.cl\/web\/wp-json\/wp\/v2\/tags?post=19417"}],"curies":[{"name":"wp","href":"https:\/\/api.w.org\/{rel}","templated":true}]}}