{"id":19410,"date":"2021-03-20T21:12:49","date_gmt":"2021-03-20T21:12:49","guid":{"rendered":"https:\/\/www.radiopresidenteibanez.cl\/web\/?p=19410"},"modified":"2021-03-20T21:12:55","modified_gmt":"2021-03-20T21:12:55","slug":"proyecto-gef-castor-invita-a-la-comunidad-a-comprometerse-con-el-control-de-esta-especie-invasora","status":"publish","type":"post","link":"https:\/\/www.radiopresidenteibanez.cl\/web\/proyecto-gef-castor-invita-a-la-comunidad-a-comprometerse-con-el-control-de-esta-especie-invasora\/","title":{"rendered":"PROYECTO GEF CASTOR INVITA A LA COMUNIDAD A COMPROMETERSE CON EL CONTROL DE ESTA ESPECIE INVASORA"},"content":{"rendered":"\n<p>Con una presentaci\u00f3n titulada\n\u201cHacia la conservaci\u00f3n de los ecosistemas de la Patagonia amenazados por el\ncastor\u201d, el proyecto GEF Castor se hizo presente en la celebraci\u00f3n del D\u00eda Internacional\nde los Bosques, evento organizado por CONAF Magallanes con el objetivo de\nanalizar y difundir los principales desaf\u00edos que estos ecosistemas enfrentan\nhoy en la regi\u00f3n. <\/p>\n\n\n\n<p><a href=\"http:\/\/www.fao.org\/international-day-of-forests\/es\/\">El D\u00eda Internacional\nde los Bosques<\/a> fue establecido por la Organizaci\u00f3n de las Naciones Unidas\n(ONU) como una forma de resaltar los beneficios ecol\u00f3gicos, econ\u00f3micos y\nsociales que convierten a estos ecosistemas en un patrimonio invaluable que\ndebe ser protegido.<\/p>\n\n\n\n<p>&nbsp;\u201cLa restauraci\u00f3n forestal, un camino a la\nrecuperaci\u00f3n y el bienestar\u201d es el lema con el cual la ONU busca incentivar\neste a\u00f1o la reflexi\u00f3n en torno a este d\u00eda, y fue la motivaci\u00f3n&nbsp; de CONAF Magallanes para desarrollar una\njornada de difusi\u00f3n y debate que cont\u00f3 con la participaci\u00f3n de la propia CONAF,\nde la Wildlife Conservation Society y del proyecto GEF Castor.<\/p>\n\n\n\n<p>El concepto de bienestar fue\nespecialmente resaltado por Melissa Carmody, coordinadora del Parque Karukinka\nde WCS, quien centr\u00f3 su charla en resaltar que la felicidad que es uno de los\nprincipales beneficios que los bosques entregan a las personas. \u201cSe ha\nestudiado que los paseos por el bosque disminuyen las hormonas del stress;\nincrementan la producci\u00f3n de cierto tipo de gl\u00f3bulos blancos; disminuyen la\nglucosa en pacientes diab\u00e9ticos no insulinodependientes; combaten el insomnio y\nmejoran la memoria\u201d, subray\u00f3, agregando que estos son s\u00f3lo algunos ejemplos de\nporqu\u00e9 los bosques, y especialmente los bosques nativos de la Patagonia, deben\nser sujeto de investigaci\u00f3n, protecci\u00f3n e inspiraci\u00f3n.<\/p>\n\n\n\n<p>En el \u00e1mbito de protecci\u00f3n,\nenfrentar la amenaza del castor es uno de los principales desaf\u00edos para la\npreservaci\u00f3n de los bosques en Patagonia. En setenta a\u00f1os de presencia en la\nregi\u00f3n, esta especie ex\u00f3tica invasora ha causado impactos en 27 mil hect\u00e1reas,\nequivalentes a un tercio de la superficie del Gran Santiago.&nbsp; En siete d\u00e9cadas, los da\u00f1os que ascienden a\n73 millones de d\u00f3lares. \u201cAl construir diques y generar embalses, el castor\nprovoca la muerte de los bosques ribere\u00f1os, y modifica severamente los\npaisajes\u201d explic\u00f3 Felipe Guerra, coordinador nacional del proyecto GEF Castor,\nquien agreg\u00f3 que al generarse praderas donde antes hab\u00eda bosque, se producen\ncondiciones favorables para el ingreso de la rata almizclera, que a su vez\natrae la presencia del vis\u00f3n. Esta tr\u00edada de especies invasoras causa estragos\nsobre la fauna de los ambientes que colonizan \u201cagravando a\u00fan m\u00e1s la salud de estos\necosistemas\u201d, agreg\u00f3 Guerra.<\/p>\n\n\n\n<p><strong>App de ciencia ciudadana<\/strong><\/p>\n\n\n\n<p>Los m\u00e1s de 50 participantes del\nseminario se mostraron particularmente interesados en la posibilidad ciudadana\nde aportar a las acciones de gesti\u00f3n de esta especie, mediante la notificaci\u00f3n\nde avistamientos de castores o de signos de su presencia en terreno. Esto, a\ntrav\u00e9s de la aplicaci\u00f3n para m\u00f3viles Alerta Especies Invasoras, que estar\u00e1\ndisponible para Android y para IOs. Los usuarios de la aplicaci\u00f3n podr\u00e1n\ningresar registros georeferenciados en caso de observar en terreno ejemplares\nde castor, troncos ro\u00eddos, diques o casas. Dichas notificaciones se ingresar\u00e1n\nSistema de Informaci\u00f3n y Alerta Temprana, para ser analizada y gestionada. \u201cEl\ntipo de acci\u00f3n que se genere depender\u00e1 de diversos factores\u201d, explic\u00f3 Guerra,\n\u201cya que, por ejemplo, la presencia del castor en la desembocadura del r\u00edo San\nJuan generar\u00e1 una acci\u00f3n prioritaria, pues es un punto por el cual la especie\ningresa al continente, lo cual debemos contener\u201d.<\/p>\n\n\n\n<p>La regi\u00f3n de Magallanes y Ant\u00e1rtica\nChilena destaca por tener m\u00e1s de un 63% por ciento de su territorio declarado\ncomo \u00e1rea silvestre protegida, correspondiendo la mayor parte a bosques. As\u00ed lo\ndestac\u00f3 Rafael Contreras, La jornada de sensibilizaci\u00f3n contempl\u00f3 tambi\u00e9n la\ncharla \u201cIntroducci\u00f3n a los bosques de Magallanes\u201d, encargado de Administraci\u00f3n\ny Fiscalizaci\u00f3n Forestal de CONAF en la provincia de Ultima Esperanza.\nEspecialmente relevante es que la mayor parte de estas zonas boscosas\ncorresponde a bosque nativo de lenga, coihue y \u00f1irre.<\/p>\n\n\n\n<p>En el \u00e1mbito de los esfuerzos de\npreservaci\u00f3n de este patrimonio ambiental, resalt\u00f3 lo expuesto por Patricio\nSalinas, encargado regional de Restauraci\u00f3n Ecol\u00f3gica de CONAF Magallanes,\nquien describi\u00f3 las acciones realizadas en el Parque Nacional Torres del Paine\npara recuperar las \u00e1reas da\u00f1adas por los incendios forestales que lo han\nafectado. \u201cEs muy probable que no exista en el pa\u00eds otra \u00e1rea silvestre en la\nque se haya desarrollado un trabajo de restauraci\u00f3n de esta magnitud\u201d, relat\u00f3,\na\u00f1adiendo que el desaf\u00edo que como instituci\u00f3n se han planteado actualmente es\nestablecer un programa de restauraci\u00f3n al interior del parque, que se haga\ncargo no s\u00f3lo de la gesti\u00f3n forestal, sino que tenga un enfoque integral que\npueda tambi\u00e9n monitorear lo que pasa a nivel de suelo y de fauna.<\/p>\n\n\n\n<p>El Proyecto \u201cFortalecimiento y desarrollo de instrumentos para el manejo, prevenci\u00f3n y control del castor (Castor canadensis), una especie ex\u00f3tica invasora en la Patagonia chilena\u201d, conocido como GEF Castor, es ejecutado por el Ministerio de Medio Ambiente y financiado por el Global Environment Facility (GEF), a trav\u00e9s de la Organizaci\u00f3n de las Naciones Unidas para la Alimentaci\u00f3n y la Agricultura (FAO). Socios estrat\u00e9gicos, y co-ejecutores de este proyecto son el Servicio Agr\u00edcola y Ganadero (SAG), la Corporaci\u00f3n Nacional Forestal (CONAF) y la ONG Wildlife Conservation Society (WCS).<\/p>\n\n\n\n<figure class=\"wp-block-gallery columns-2 is-cropped wp-block-gallery-1 is-layout-flex wp-block-gallery-is-layout-flex\"><ul class=\"blocks-gallery-grid\"><li class=\"blocks-gallery-item\"><figure><img loading=\"lazy\" decoding=\"async\" width=\"900\" height=\"600\" src=\"https:\/\/www.radiopresidenteibanez.cl\/web\/wp-content\/uploads\/2021\/03\/Bosque-de-lenga-destruido-por-castor_GEF-Castor.jpg\" alt=\"\" data-id=\"19411\" data-full-url=\"https:\/\/www.radiopresidenteibanez.cl\/web\/wp-content\/uploads\/2021\/03\/Bosque-de-lenga-destruido-por-castor_GEF-Castor.jpg\" data-link=\"https:\/\/www.radiopresidenteibanez.cl\/web\/?attachment_id=19411\" class=\"wp-image-19411\" srcset=\"https:\/\/www.radiopresidenteibanez.cl\/web\/wp-content\/uploads\/2021\/03\/Bosque-de-lenga-destruido-por-castor_GEF-Castor.jpg 900w, https:\/\/www.radiopresidenteibanez.cl\/web\/wp-content\/uploads\/2021\/03\/Bosque-de-lenga-destruido-por-castor_GEF-Castor-300x200.jpg 300w, https:\/\/www.radiopresidenteibanez.cl\/web\/wp-content\/uploads\/2021\/03\/Bosque-de-lenga-destruido-por-castor_GEF-Castor-768x512.jpg 768w\" sizes=\"auto, (max-width: 900px) 100vw, 900px\" \/><\/figure><\/li><li class=\"blocks-gallery-item\"><figure><img loading=\"lazy\" decoding=\"async\" width=\"900\" height=\"600\" src=\"https:\/\/www.radiopresidenteibanez.cl\/web\/wp-content\/uploads\/2021\/03\/Presentacion-Felipe-Guerra-dia-del-bosque-conaf-2.jpg\" alt=\"\" data-id=\"19412\" data-full-url=\"https:\/\/www.radiopresidenteibanez.cl\/web\/wp-content\/uploads\/2021\/03\/Presentacion-Felipe-Guerra-dia-del-bosque-conaf-2.jpg\" data-link=\"https:\/\/www.radiopresidenteibanez.cl\/web\/?attachment_id=19412\" class=\"wp-image-19412\" srcset=\"https:\/\/www.radiopresidenteibanez.cl\/web\/wp-content\/uploads\/2021\/03\/Presentacion-Felipe-Guerra-dia-del-bosque-conaf-2.jpg 900w, https:\/\/www.radiopresidenteibanez.cl\/web\/wp-content\/uploads\/2021\/03\/Presentacion-Felipe-Guerra-dia-del-bosque-conaf-2-300x200.jpg 300w, https:\/\/www.radiopresidenteibanez.cl\/web\/wp-content\/uploads\/2021\/03\/Presentacion-Felipe-Guerra-dia-del-bosque-conaf-2-768x512.jpg 768w\" sizes=\"auto, (max-width: 900px) 100vw, 900px\" \/><\/figure><\/li><\/ul><\/figure>\n","protected":false},"excerpt":{"rendered":"<p>Con una presentaci\u00f3n titulada \u201cHacia la conservaci\u00f3n de los ecosistemas de la Patagonia amenazados por el castor\u201d, el proyecto GEF Castor se hizo presente en la celebraci\u00f3n del D\u00eda Internacional&#8230; <a class=\"read-more\" href=\"https:\/\/www.radiopresidenteibanez.cl\/web\/proyecto-gef-castor-invita-a-la-comunidad-a-comprometerse-con-el-control-de-esta-especie-invasora\/\">Leer m\u00e1s<\/a><\/p>\n","protected":false},"author":2,"featured_media":0,"comment_status":"closed","ping_status":"closed","sticky":false,"template":"","format":"standard","meta":{"footnotes":""},"categories":[1],"tags":[],"class_list":["post-19410","post","type-post","status-publish","format-standard","hentry","category-cronica"],"_links":{"self":[{"href":"https:\/\/www.radiopresidenteibanez.cl\/web\/wp-json\/wp\/v2\/posts\/19410","targetHints":{"allow":["GET"]}}],"collection":[{"href":"https:\/\/www.radiopresidenteibanez.cl\/web\/wp-json\/wp\/v2\/posts"}],"about":[{"href":"https:\/\/www.radiopresidenteibanez.cl\/web\/wp-json\/wp\/v2\/types\/post"}],"author":[{"embeddable":true,"href":"https:\/\/www.radiopresidenteibanez.cl\/web\/wp-json\/wp\/v2\/users\/2"}],"replies":[{"embeddable":true,"href":"https:\/\/www.radiopresidenteibanez.cl\/web\/wp-json\/wp\/v2\/comments?post=19410"}],"version-history":[{"count":0,"href":"https:\/\/www.radiopresidenteibanez.cl\/web\/wp-json\/wp\/v2\/posts\/19410\/revisions"}],"wp:attachment":[{"href":"https:\/\/www.radiopresidenteibanez.cl\/web\/wp-json\/wp\/v2\/media?parent=19410"}],"wp:term":[{"taxonomy":"category","embeddable":true,"href":"https:\/\/www.radiopresidenteibanez.cl\/web\/wp-json\/wp\/v2\/categories?post=19410"},{"taxonomy":"post_tag","embeddable":true,"href":"https:\/\/www.radiopresidenteibanez.cl\/web\/wp-json\/wp\/v2\/tags?post=19410"}],"curies":[{"name":"wp","href":"https:\/\/api.w.org\/{rel}","templated":true}]}}