{"id":19407,"date":"2021-03-21T04:00:00","date_gmt":"2021-03-21T04:00:00","guid":{"rendered":"https:\/\/www.radiopresidenteibanez.cl\/web\/?p=19407"},"modified":"2021-03-20T21:06:15","modified_gmt":"2021-03-20T21:06:15","slug":"tabsa-reanuda-servicios-a-porvenir-los-fines-de-semana","status":"publish","type":"post","link":"https:\/\/www.radiopresidenteibanez.cl\/web\/tabsa-reanuda-servicios-a-porvenir-los-fines-de-semana\/","title":{"rendered":"TABSA REANUDA SERVICIOS A PORVENIR LOS FINES DE SEMANA"},"content":{"rendered":"\n<p>Tabsa reanudar\u00e1 a partir de este s\u00e1bado 20 de marzo el servicio de transporte mar\u00edtimo Punta Arenas \u2013 Porvenir-Punta Arenas los fines de semana, inform\u00f3 la empresa. A contar de ma\u00f1ana y mientras se mantengan los permisos sanitarios, se reanudan los viajes desde Tres Puentes a Bah\u00eda Chilota y viceversa, los s\u00e1bados y domingos, con un viaje al d\u00eda.<\/p>\n\n\n\n<p>De esta forma, tanto para Semana Santa como para las votaciones del 10 y 11 de abril, se contar\u00e1 con el servicio mar\u00edtimo que une Tierra del Fuego con el continente. En tanto, los pasajeros deben contar con pasaporte sanitario (<a href=\"http:\/\/www.c19\/\" target=\"_blank\" rel=\"noreferrer noopener\">www.c19<\/a>) el que debe estar vigente al momento de embarcarse.<\/p>\n\n\n\n<p>Las reservas y compras de pasajes se pueden realizar en&nbsp;<a href=\"http:\/\/www.tabsa.cl\/\" target=\"_blank\" rel=\"noreferrer noopener\">www.tabsa.cl<\/a>&nbsp;o en nuestras oficinas en Punta Arenas o Porvenir. Los itinerarios los puede revisar en la misma p\u00e1gina o en las redes sociales de la compa\u00f1\u00eda (Facebook y Twitter)<\/p>\n","protected":false},"excerpt":{"rendered":"<p>Tabsa reanudar\u00e1 a partir de este s\u00e1bado 20 de marzo el servicio de transporte mar\u00edtimo Punta Arenas \u2013 Porvenir-Punta Arenas los fines de semana, inform\u00f3 la empresa. A contar de&#8230; <a class=\"read-more\" href=\"https:\/\/www.radiopresidenteibanez.cl\/web\/tabsa-reanuda-servicios-a-porvenir-los-fines-de-semana\/\">Leer m\u00e1s<\/a><\/p>\n","protected":false},"author":2,"featured_media":19408,"comment_status":"closed","ping_status":"closed","sticky":false,"template":"","format":"standard","meta":{"footnotes":""},"categories":[1],"tags":[],"class_list":["post-19407","post","type-post","status-publish","format-standard","has-post-thumbnail","hentry","category-cronica"],"_links":{"self":[{"href":"https:\/\/www.radiopresidenteibanez.cl\/web\/wp-json\/wp\/v2\/posts\/19407","targetHints":{"allow":["GET"]}}],"collection":[{"href":"https:\/\/www.radiopresidenteibanez.cl\/web\/wp-json\/wp\/v2\/posts"}],"about":[{"href":"https:\/\/www.radiopresidenteibanez.cl\/web\/wp-json\/wp\/v2\/types\/post"}],"author":[{"embeddable":true,"href":"https:\/\/www.radiopresidenteibanez.cl\/web\/wp-json\/wp\/v2\/users\/2"}],"replies":[{"embeddable":true,"href":"https:\/\/www.radiopresidenteibanez.cl\/web\/wp-json\/wp\/v2\/comments?post=19407"}],"version-history":[{"count":0,"href":"https:\/\/www.radiopresidenteibanez.cl\/web\/wp-json\/wp\/v2\/posts\/19407\/revisions"}],"wp:featuredmedia":[{"embeddable":true,"href":"https:\/\/www.radiopresidenteibanez.cl\/web\/wp-json\/wp\/v2\/media\/19408"}],"wp:attachment":[{"href":"https:\/\/www.radiopresidenteibanez.cl\/web\/wp-json\/wp\/v2\/media?parent=19407"}],"wp:term":[{"taxonomy":"category","embeddable":true,"href":"https:\/\/www.radiopresidenteibanez.cl\/web\/wp-json\/wp\/v2\/categories?post=19407"},{"taxonomy":"post_tag","embeddable":true,"href":"https:\/\/www.radiopresidenteibanez.cl\/web\/wp-json\/wp\/v2\/tags?post=19407"}],"curies":[{"name":"wp","href":"https:\/\/api.w.org\/{rel}","templated":true}]}}