{"id":19404,"date":"2021-03-21T03:45:00","date_gmt":"2021-03-21T03:45:00","guid":{"rendered":"https:\/\/www.radiopresidenteibanez.cl\/web\/?p=19404"},"modified":"2021-03-20T21:04:40","modified_gmt":"2021-03-20T21:04:40","slug":"alejandro-avendano-gallardo-a-tres-anos-que-enap-vendio-barcaza-yagana-esta-a-estado-con-trabajo-permanentemente-ahora-fue-adquirida-por-empresa-chilena","status":"publish","type":"post","link":"https:\/\/www.radiopresidenteibanez.cl\/web\/alejandro-avendano-gallardo-a-tres-anos-que-enap-vendio-barcaza-yagana-esta-a-estado-con-trabajo-permanentemente-ahora-fue-adquirida-por-empresa-chilena\/","title":{"rendered":"ALEJANDRO AVENDA\u00d1O GALLARDO.  \u201cA TRES A\u00d1OS QUE ENAP VENDI\u00d3 BARCAZA YAGANA, EST\u00c1 A ESTADO CON TRABAJO PERMANENTEMENTE, AHORA FUE ADQUIRIDA POR EMPRESA CHILENA\u201d"},"content":{"rendered":"\n<p>Habr\u00eda que preguntarles a los ejecutivos de Enap, quienes para\njustificar su venta argumentaron que la AN\/Yagana, ten\u00eda trabajo solamente 11\nd\u00edas al a\u00f1o, y eso paso porque nunca quisieron buscarle trabajo para no\ncontratar trabajadores que los despidi\u00f3 a todos el a\u00f1o 2010 bajo el anterior\ngobierno de pi\u00f1era.<\/p>\n\n\n\n<p>Cabe recordar m\u00e1s encima la vendieron en 2.4 millones de d\u00f3lares, un\nvalor totalmente irrisorio y por decirlo menos vergonzoso, aqu\u00ed los ejecutivos\nsolo buscaron favorecer a los privados con esta venta as\u00ed lo expres\u00f3 el\npresidente del sindicato de trabajadores Alejandro Avenda\u00f1o Gallardo.<\/p>\n\n\n\n<p>A fines de febrero Yagana regreso a chile, espec\u00edficamente a Puerto\nMontt ya que fue adquirida por la empresa chilena Naviera OXXEAN empresa\nmar\u00edtima enfocada al desarrollo de servicios mar\u00edtimos, portuarios y log\u00edsticos,\nsi fuese un mal activo no rentable tendr\u00eda compradores interesados, pero Enap\nla desprecio.<\/p>\n\n\n\n<p>Claramente los ejecutivos debieran reconocer la mala decisi\u00f3n tomada con\nperdida de patrimonio y activo y su bajo valor de venta, quienes hicieron los\nan\u00e1lisis debieran responder.<\/p>\n\n\n\n<p>AN Yagana es la \u00fanica en su tipo en la costa Pac\u00edfico de Latinoam\u00e9rica,\nya que tiene capacidad de levante de carga y de trabajos en envergadura\nportuarios. Para ello, cuenta con una gr\u00faa con capacidad para levantar 500\ntoneladas m\u00e9tricas, adem\u00e1s de elementos t\u00e9cnicos orientados a la reparaci\u00f3n y\nconstrucci\u00f3n de estructuras portuarias, termino se\u00f1alando el m\u00e1ximo l\u00edder de\nlos petroleros.<\/p>\n","protected":false},"excerpt":{"rendered":"<p>Habr\u00eda que preguntarles a los ejecutivos de Enap, quienes para justificar su venta argumentaron que la AN\/Yagana, ten\u00eda trabajo solamente 11 d\u00edas al a\u00f1o, y eso paso porque nunca quisieron&#8230; <a class=\"read-more\" href=\"https:\/\/www.radiopresidenteibanez.cl\/web\/alejandro-avendano-gallardo-a-tres-anos-que-enap-vendio-barcaza-yagana-esta-a-estado-con-trabajo-permanentemente-ahora-fue-adquirida-por-empresa-chilena\/\">Leer m\u00e1s<\/a><\/p>\n","protected":false},"author":2,"featured_media":19405,"comment_status":"closed","ping_status":"closed","sticky":false,"template":"","format":"standard","meta":{"footnotes":""},"categories":[1],"tags":[],"class_list":["post-19404","post","type-post","status-publish","format-standard","has-post-thumbnail","hentry","category-cronica"],"_links":{"self":[{"href":"https:\/\/www.radiopresidenteibanez.cl\/web\/wp-json\/wp\/v2\/posts\/19404","targetHints":{"allow":["GET"]}}],"collection":[{"href":"https:\/\/www.radiopresidenteibanez.cl\/web\/wp-json\/wp\/v2\/posts"}],"about":[{"href":"https:\/\/www.radiopresidenteibanez.cl\/web\/wp-json\/wp\/v2\/types\/post"}],"author":[{"embeddable":true,"href":"https:\/\/www.radiopresidenteibanez.cl\/web\/wp-json\/wp\/v2\/users\/2"}],"replies":[{"embeddable":true,"href":"https:\/\/www.radiopresidenteibanez.cl\/web\/wp-json\/wp\/v2\/comments?post=19404"}],"version-history":[{"count":0,"href":"https:\/\/www.radiopresidenteibanez.cl\/web\/wp-json\/wp\/v2\/posts\/19404\/revisions"}],"wp:featuredmedia":[{"embeddable":true,"href":"https:\/\/www.radiopresidenteibanez.cl\/web\/wp-json\/wp\/v2\/media\/19405"}],"wp:attachment":[{"href":"https:\/\/www.radiopresidenteibanez.cl\/web\/wp-json\/wp\/v2\/media?parent=19404"}],"wp:term":[{"taxonomy":"category","embeddable":true,"href":"https:\/\/www.radiopresidenteibanez.cl\/web\/wp-json\/wp\/v2\/categories?post=19404"},{"taxonomy":"post_tag","embeddable":true,"href":"https:\/\/www.radiopresidenteibanez.cl\/web\/wp-json\/wp\/v2\/tags?post=19404"}],"curies":[{"name":"wp","href":"https:\/\/api.w.org\/{rel}","templated":true}]}}