{"id":19401,"date":"2021-03-21T03:30:00","date_gmt":"2021-03-21T03:30:00","guid":{"rendered":"https:\/\/www.radiopresidenteibanez.cl\/web\/?p=19401"},"modified":"2021-03-20T21:00:15","modified_gmt":"2021-03-20T21:00:15","slug":"gobernadora-ericka-farias-visita-gimnasios-de-natales-para-apreciar-la-implementacion-de-los-protocolos-sanitarios","status":"publish","type":"post","link":"https:\/\/www.radiopresidenteibanez.cl\/web\/gobernadora-ericka-farias-visita-gimnasios-de-natales-para-apreciar-la-implementacion-de-los-protocolos-sanitarios\/","title":{"rendered":"GOBERNADORA ERICKA FAR\u00cdAS VISITA GIMNASIOS DE NATALES PARA APRECIAR LA IMPLEMENTACI\u00d3N DE LOS PROTOCOLOS SANITARIOS"},"content":{"rendered":"\n<p>Desde\nque el d\u00eda 15 de marzo se anunciara el avance a Fase de Preparaci\u00f3n (3) para la\ncomuna de Natales en el Plan Paso a Paso, muchos sectores y actividades\necon\u00f3micas debieron adaptar sus protocolos de acuerdo a las exigencias de la\nautoridad sanitaria para as\u00ed evitar cualquier tipo de situaci\u00f3n que propicie el\ncontagio de covid-19 al interior de sus recintos. <\/p>\n\n\n\n<p>Uno de\nlos sectores que ha visto la posibilidad de funcionar con el avance a Fase 3 es\nel de los gimnasios, por ello, la gobernadora de \u00daltima Esperanza, Ericka\nFar\u00edas, realiz\u00f3 una visita a distintos establecimientos de este tipo que est\u00e1n presentes\nen la comuna de Natales, esto con la finalidad de apreciar en terreno la manera\nen que han implementado los protocolos exigidos por la autoridad sanitaria.<\/p>\n\n\n\n<p>Ante la\nrealizaci\u00f3n de estas visitas, la gobernadora Ericka Far\u00edas se\u00f1al\u00f3 \u201chemos estado\nrecorriendo los gimnasios de la comuna de Natales y hemos constatado en terreno\nc\u00f3mo se est\u00e1n cumpliendo los distintos protocolos sanitarios y de seguridad, y\nme quedo con una muy buena impresi\u00f3n por el trabajo que han realizado\u201d.<\/p>\n\n\n\n<p>Por su\nparte, los encargados de este tipo de establecimientos se mostraron muy\ncontentos, uno de ellos es el administrador del Gimnasio ExtraFit, Basti\u00e1n\nSharp, quien coment\u00f3 \u201cquiero agradecer la visita de la gobernadora y tambi\u00e9n\ndestacar que esto es algo que la gente ven\u00eda esperando desde hace mucho tiempo,\nya que hace un a\u00f1o cerramos nuestras puertas, pero hoy la gente est\u00e1 muy\ncontenta con poder volver a hacer uso de nuestras instalaciones\u201d.<\/p>\n\n\n\n<p>En\ntanto, el due\u00f1o del gimnasio Nueva Imagen, Pablo Ovalle, agreg\u00f3 que \u201cestamos\nmuy felices de volver a abrir las puertas, ver que la gente ha respondido de\nmanera responsable y seria, y tambi\u00e9n estamos muy contentos por la visita de la\ngobernadora porque eso quiere decir que est\u00e1 al tanto de las cosas que nos\nest\u00e1n pasando a nosotros como gimnasio\u201d.<\/p>\n\n\n\n<p>Finalmente,\nla gobernadora hizo un llamado a la comunidad a respetar las medidas de\nseguridad, \u201cles pido que aprovechemos la fase 3, en donde se puede asistir a\nlos gimnasios, ya que esto es una buena instancia para tener un estilo de vida\nsaludable, pero siempre siendo responsables y tomando todas las medidas de\nseguridad\u201d, se\u00f1al\u00f3 la autoridad provincial.<\/p>\n","protected":false},"excerpt":{"rendered":"<p>Desde que el d\u00eda 15 de marzo se anunciara el avance a Fase de Preparaci\u00f3n (3) para la comuna de Natales en el Plan Paso a Paso, muchos sectores y&#8230; <a class=\"read-more\" href=\"https:\/\/www.radiopresidenteibanez.cl\/web\/gobernadora-ericka-farias-visita-gimnasios-de-natales-para-apreciar-la-implementacion-de-los-protocolos-sanitarios\/\">Leer m\u00e1s<\/a><\/p>\n","protected":false},"author":2,"featured_media":19402,"comment_status":"closed","ping_status":"closed","sticky":false,"template":"","format":"standard","meta":{"footnotes":""},"categories":[1],"tags":[],"class_list":["post-19401","post","type-post","status-publish","format-standard","has-post-thumbnail","hentry","category-cronica"],"_links":{"self":[{"href":"https:\/\/www.radiopresidenteibanez.cl\/web\/wp-json\/wp\/v2\/posts\/19401","targetHints":{"allow":["GET"]}}],"collection":[{"href":"https:\/\/www.radiopresidenteibanez.cl\/web\/wp-json\/wp\/v2\/posts"}],"about":[{"href":"https:\/\/www.radiopresidenteibanez.cl\/web\/wp-json\/wp\/v2\/types\/post"}],"author":[{"embeddable":true,"href":"https:\/\/www.radiopresidenteibanez.cl\/web\/wp-json\/wp\/v2\/users\/2"}],"replies":[{"embeddable":true,"href":"https:\/\/www.radiopresidenteibanez.cl\/web\/wp-json\/wp\/v2\/comments?post=19401"}],"version-history":[{"count":0,"href":"https:\/\/www.radiopresidenteibanez.cl\/web\/wp-json\/wp\/v2\/posts\/19401\/revisions"}],"wp:featuredmedia":[{"embeddable":true,"href":"https:\/\/www.radiopresidenteibanez.cl\/web\/wp-json\/wp\/v2\/media\/19402"}],"wp:attachment":[{"href":"https:\/\/www.radiopresidenteibanez.cl\/web\/wp-json\/wp\/v2\/media?parent=19401"}],"wp:term":[{"taxonomy":"category","embeddable":true,"href":"https:\/\/www.radiopresidenteibanez.cl\/web\/wp-json\/wp\/v2\/categories?post=19401"},{"taxonomy":"post_tag","embeddable":true,"href":"https:\/\/www.radiopresidenteibanez.cl\/web\/wp-json\/wp\/v2\/tags?post=19401"}],"curies":[{"name":"wp","href":"https:\/\/api.w.org\/{rel}","templated":true}]}}