{"id":19398,"date":"2021-03-21T03:15:00","date_gmt":"2021-03-21T03:15:00","guid":{"rendered":"https:\/\/www.radiopresidenteibanez.cl\/web\/?p=19398"},"modified":"2021-03-20T20:56:54","modified_gmt":"2021-03-20T20:56:54","slug":"gobernador-junto-a-servicios-integrantes-de-mesa-cuenca-realizaron-recorrido-en-reserva-magallanes","status":"publish","type":"post","link":"https:\/\/www.radiopresidenteibanez.cl\/web\/gobernador-junto-a-servicios-integrantes-de-mesa-cuenca-realizaron-recorrido-en-reserva-magallanes\/","title":{"rendered":"GOBERNADOR JUNTO A SERVICIOS INTEGRANTES DE MESA CUENCA REALIZARON RECORRIDO EN RESERVA MAGALLANES"},"content":{"rendered":"\n<p>Luego\nde una sesi\u00f3n de la Mesa Cuenca, que forma parte del Comit\u00e9 T\u00e9cnico Asesor de\nla gobernaci\u00f3n y es liderada por el gobernador provincial de Magallanes,\nAlejandro V\u00e1squez Servieri, y de acuerdo a las acciones que toma peri\u00f3dicamente\ndicho subcomit\u00e9 por la importancia que tiene para la ciudad &nbsp;de Punta Arenas la prevenci\u00f3n y mitigaci\u00f3n de\nriesgo para la poblaci\u00f3n, la cuenca del R\u00edo Las Minas, es que hoy la autoridad,\njunto a los servicios relacionados realizaron una visita inspectiva\nal&nbsp;sector cuesta Ser\u00f3n, estaci\u00f3n total de monitoreo de SERNAGEOMIN y \u00e1rea\nde derrumbes hist\u00f3ricos con la finalidad de apreciar las condiciones actuales\ndel sector se\u00f1alado.<\/p>\n\n\n\n<p>En\nel recorrido por el sector estuvieron presentes, Sernageomin, Conaf, Onemi,\nMunicipalidad, Seremi de Obras P\u00fablicas, Direcci\u00f3n de Obras Hidr\u00e1ulicas,\nDirecci\u00f3n General de Aguas, Municipalidad de Punta Arenas, Carabineros,\nDirecci\u00f3n provincial de Riesgos y Emergencias y durante \u00e9ste se observaron los\navances del Programa Transferencia de Conocimiento y Tecnolog\u00eda para el\nMonitoreo de Sectores Cr\u00edticos del R\u00edo de las Minas llevado a cabo por\nSERNAGEOM\u00cdN y se trataron temas asociados con las acciones de monitoreo de la\ncuenca que CONAF realiza en forma peri\u00f3dica.<\/p>\n\n\n\n<p>El\ngobernador Alejandro V\u00e1squez, explic\u00f3 que \u201cla labor constante de la Mesa Cuenca\ny los Servicios que la integran, es fundamental para la prevenci\u00f3n de riesgos\nen este sector que, la experiencia nos recuerda, no podemos quitarle la vista\nde encima. Por esa raz\u00f3n este tipo de reconocimiento es fundamental. El \u00faltimo\ndesborde que tuvimos en el a\u00f1o 2012, fue catastr\u00f3fico y no queremos que ocurra\nun suceso de esas caracter\u00edsticas nuevamente. Si bien los incidentes por\nacciones clim\u00e1ticas no dan aviso, si podemos recoger las se\u00f1ales que nos env\u00eda\nla naturaleza cuando algo no est\u00e1 bien. Hablo, en este caso, de deslizamientos\nde tierra, niveles de agua, entre otros, los cuales son vigilados y\ncategorizados por profesionales id\u00f3neos que cuentan, adem\u00e1s, con las\nherramientas necesarias para lograrlo\u201d. <\/p>\n\n\n\n<p>Las\nevaluaciones t\u00e9cnicas que realiza cada Servicio en puntos cr\u00edticos, &nbsp;son esenciales a la hora de eventuales medidas\nque se deban tomar en relaci\u00f3n a la prevenci\u00f3n de situaciones de riesgo,\nsiempre pensando en el beneficio y protecci\u00f3n de los habitantes de la ciudad de\nPunta Arenas. En ese sentido todos trabajan en forma coordinada, con\nprofesionales id\u00f3neos. <\/p>\n\n\n\n<p>Seg\u00fan\nla inspecci\u00f3n realizada, la cuenca est\u00e1 en buenas condiciones, afortunadamente\nlas condiciones clim\u00e1ticas han contribuido para que esto sea as\u00ed, sin embargo\nlos grupos t\u00e9cnicos continuar\u00e1n evaluando contantemente los planes de acci\u00f3n en\ncaso de una situaci\u00f3n no deseada, ya que los meses de marzo y abril son los m\u00e1s\nriesgosos para la cuenca del r\u00edo Las Minas. Pr\u00f3ximamente se reunir\u00e1 nuevamente\nla Mesa y se preparar\u00e1 un sobrevuelo para complementar la visita en terreno. Esta actividad en terreno es la primera que se\nrealiza en el presente a\u00f1o, de una serie de actividades programadas que est\u00e1n\ndestinadas a la Reducci\u00f3n del Riesgo de Desastre en la Provincia de Magallanes.<\/p>\n\n\n\n<p><strong>R\u00edo Las\nMinas<\/strong><strong><\/strong><\/p>\n\n\n\n<p>El\nr\u00edo Las Minas sigue en su curso, una orientaci\u00f3n poniente \u2013 oriente hasta su\ndesembocadura en el mar (Estrecho de Magallanes) en la ciudad de Punta Arenas.\nA lo largo de su recorrido de aproximadamente 19,9 km hasta su desembocadura,\ns\u00f3lo recibe el aporte fluvial del estero Linch y su trayecto en general, es de\ntipo recto y valle fluvial muy estrecho. Es importante destacar adem\u00e1s, que\nesta cuenca Patag\u00f3nica pese a su reducida extensi\u00f3n, posee una gran superficie\nidentificada como \u00c1rea bajo Protecci\u00f3n Oficial perteneciente al Sistema\nNacional de \u00c1reas Silvestres Protegidas por el Estado. Este sitio protegido que\ncorresponde a la Reserva Nacional Magallanes, ocupa una superficie de 12.359 Ha\nequivalentes al 69% de la superficie total de la cuenca<\/p>\n","protected":false},"excerpt":{"rendered":"<p>Luego de una sesi\u00f3n de la Mesa Cuenca, que forma parte del Comit\u00e9 T\u00e9cnico Asesor de la gobernaci\u00f3n y es liderada por el gobernador provincial de Magallanes, Alejandro V\u00e1squez Servieri,&#8230; <a class=\"read-more\" href=\"https:\/\/www.radiopresidenteibanez.cl\/web\/gobernador-junto-a-servicios-integrantes-de-mesa-cuenca-realizaron-recorrido-en-reserva-magallanes\/\">Leer m\u00e1s<\/a><\/p>\n","protected":false},"author":2,"featured_media":19399,"comment_status":"closed","ping_status":"closed","sticky":false,"template":"","format":"standard","meta":{"footnotes":""},"categories":[1],"tags":[],"class_list":["post-19398","post","type-post","status-publish","format-standard","has-post-thumbnail","hentry","category-cronica"],"_links":{"self":[{"href":"https:\/\/www.radiopresidenteibanez.cl\/web\/wp-json\/wp\/v2\/posts\/19398","targetHints":{"allow":["GET"]}}],"collection":[{"href":"https:\/\/www.radiopresidenteibanez.cl\/web\/wp-json\/wp\/v2\/posts"}],"about":[{"href":"https:\/\/www.radiopresidenteibanez.cl\/web\/wp-json\/wp\/v2\/types\/post"}],"author":[{"embeddable":true,"href":"https:\/\/www.radiopresidenteibanez.cl\/web\/wp-json\/wp\/v2\/users\/2"}],"replies":[{"embeddable":true,"href":"https:\/\/www.radiopresidenteibanez.cl\/web\/wp-json\/wp\/v2\/comments?post=19398"}],"version-history":[{"count":0,"href":"https:\/\/www.radiopresidenteibanez.cl\/web\/wp-json\/wp\/v2\/posts\/19398\/revisions"}],"wp:featuredmedia":[{"embeddable":true,"href":"https:\/\/www.radiopresidenteibanez.cl\/web\/wp-json\/wp\/v2\/media\/19399"}],"wp:attachment":[{"href":"https:\/\/www.radiopresidenteibanez.cl\/web\/wp-json\/wp\/v2\/media?parent=19398"}],"wp:term":[{"taxonomy":"category","embeddable":true,"href":"https:\/\/www.radiopresidenteibanez.cl\/web\/wp-json\/wp\/v2\/categories?post=19398"},{"taxonomy":"post_tag","embeddable":true,"href":"https:\/\/www.radiopresidenteibanez.cl\/web\/wp-json\/wp\/v2\/tags?post=19398"}],"curies":[{"name":"wp","href":"https:\/\/api.w.org\/{rel}","templated":true}]}}