{"id":19395,"date":"2021-03-21T03:00:00","date_gmt":"2021-03-21T03:00:00","guid":{"rendered":"https:\/\/www.radiopresidenteibanez.cl\/web\/?p=19395"},"modified":"2021-03-20T20:50:52","modified_gmt":"2021-03-20T20:50:52","slug":"hospital-de-natales-avanza-en-optimizacion-de-gestion-con-implementacion-grd","status":"publish","type":"post","link":"https:\/\/www.radiopresidenteibanez.cl\/web\/hospital-de-natales-avanza-en-optimizacion-de-gestion-con-implementacion-grd\/","title":{"rendered":"HOSPITAL DE NATALES AVANZA EN OPTIMIZACI\u00d3N DE GESTI\u00d3N CON IMPLEMENTACI\u00d3N GRD"},"content":{"rendered":"\n<p>Con la implementaci\u00f3n del Plan Piloto de &nbsp;Grupos Relacionados por el Diagn\u00f3stico (GRD), la\ndirecci\u00f3n del Hospital Dr. Augusto Essmann Burgos, avanza en la tarea de dotar\nde mayor resolutividad en prestaciones, haciendo un uso m\u00e1s eficiente de los\nrecursos f\u00edsicos y humanos del recinto de salud de \u00daltima Esperanza. Una vez\nque el paciente es dado de alta, tras un periodo de hospitalizaci\u00f3n, esta\nunidad recoge y analiza todos datos de su atenci\u00f3n, los que luego son\ncategorizados e ingresado a una plataforma (IR-GRD) &nbsp;que permite agruparlos de acuerdo a &nbsp;sus caracter\u00edsticas comunes. <\/p>\n\n\n\n<p>&nbsp;&nbsp;&nbsp;&nbsp;&nbsp;&nbsp;&nbsp;&nbsp;&nbsp;&nbsp;&nbsp;&nbsp;&nbsp; Tal como explic\u00f3 la\nreferente de GRD, Paola Carvajal Rojas, \u201cGrupos Relacionados por el Diagn\u00f3stico\nes una metodolog\u00eda de categorizaci\u00f3n de pacientes por complejidad, que nos\npermite conocer realmente la cantidad de recursos utilizados en el hospital e\nincluso por cada unidad o servicio cl\u00ednico. De esta forma, a pesar que cada paciente\ntiene caracter\u00edsticas \u00fanicas, como edad, sexo, diagn\u00f3stico principal, comorbilidades,\ntratamientos y procedimientos realizados, a trav\u00e9s de esta herramienta se\nlogran agrupar, considerando sus similitudes\u201d se\u00f1al\u00f3 la profesional. <\/p>\n\n\n\n<p>&nbsp;&nbsp;&nbsp;&nbsp;&nbsp;&nbsp;&nbsp;&nbsp;&nbsp;&nbsp;&nbsp;&nbsp;&nbsp; Por su parte, el director\ndel Hospital de Natales, Dr. Darwin Letelier Escobar, coment\u00f3 que esta herramienta\ntiene dos grandes objetivos: \u201cel primero es conocer c\u00f3mo &nbsp;es nuestra gesti\u00f3n cl\u00ednica de la atenci\u00f3n\nhacia el paciente y&nbsp;el segundo, asegurar que los pagos que obtenemos a\ntrav\u00e9s de FONASA, sea en funci\u00f3n del tipo de paciente que atendemos, es decir,\nque sea m\u00e1s ajustado a complejidad de cada usuario\u201d. <\/p>\n\n\n\n<p>Como desaf\u00edo uno de los pr\u00f3ximos pasos es trabajar\npara instalar en el personal y directivos un lenguaje com\u00fan, \u201cpor ello es importante\ndifundir los resultados con la comunidad hospitalaria, para que conozcan cu\u00e1l\nes &nbsp;su impacto y &nbsp;la eficacia del recinto de salud\u201d. Agreg\u00f3 Carvajal.\n<\/p>\n","protected":false},"excerpt":{"rendered":"<p>Con la implementaci\u00f3n del Plan Piloto de &nbsp;Grupos Relacionados por el Diagn\u00f3stico (GRD), la direcci\u00f3n del Hospital Dr. Augusto Essmann Burgos, avanza en la tarea de dotar de mayor resolutividad&#8230; <a class=\"read-more\" href=\"https:\/\/www.radiopresidenteibanez.cl\/web\/hospital-de-natales-avanza-en-optimizacion-de-gestion-con-implementacion-grd\/\">Leer m\u00e1s<\/a><\/p>\n","protected":false},"author":2,"featured_media":19396,"comment_status":"closed","ping_status":"closed","sticky":false,"template":"","format":"standard","meta":{"footnotes":""},"categories":[1],"tags":[],"class_list":["post-19395","post","type-post","status-publish","format-standard","has-post-thumbnail","hentry","category-cronica"],"_links":{"self":[{"href":"https:\/\/www.radiopresidenteibanez.cl\/web\/wp-json\/wp\/v2\/posts\/19395","targetHints":{"allow":["GET"]}}],"collection":[{"href":"https:\/\/www.radiopresidenteibanez.cl\/web\/wp-json\/wp\/v2\/posts"}],"about":[{"href":"https:\/\/www.radiopresidenteibanez.cl\/web\/wp-json\/wp\/v2\/types\/post"}],"author":[{"embeddable":true,"href":"https:\/\/www.radiopresidenteibanez.cl\/web\/wp-json\/wp\/v2\/users\/2"}],"replies":[{"embeddable":true,"href":"https:\/\/www.radiopresidenteibanez.cl\/web\/wp-json\/wp\/v2\/comments?post=19395"}],"version-history":[{"count":0,"href":"https:\/\/www.radiopresidenteibanez.cl\/web\/wp-json\/wp\/v2\/posts\/19395\/revisions"}],"wp:featuredmedia":[{"embeddable":true,"href":"https:\/\/www.radiopresidenteibanez.cl\/web\/wp-json\/wp\/v2\/media\/19396"}],"wp:attachment":[{"href":"https:\/\/www.radiopresidenteibanez.cl\/web\/wp-json\/wp\/v2\/media?parent=19395"}],"wp:term":[{"taxonomy":"category","embeddable":true,"href":"https:\/\/www.radiopresidenteibanez.cl\/web\/wp-json\/wp\/v2\/categories?post=19395"},{"taxonomy":"post_tag","embeddable":true,"href":"https:\/\/www.radiopresidenteibanez.cl\/web\/wp-json\/wp\/v2\/tags?post=19395"}],"curies":[{"name":"wp","href":"https:\/\/api.w.org\/{rel}","templated":true}]}}