{"id":19392,"date":"2021-03-21T02:45:00","date_gmt":"2021-03-21T02:45:00","guid":{"rendered":"https:\/\/www.radiopresidenteibanez.cl\/web\/?p=19392"},"modified":"2021-03-20T20:47:21","modified_gmt":"2021-03-20T20:47:21","slug":"mindep-e-ind-recorrieron-barrios-de-punta-arenas-con-clases-al-aire-libre","status":"publish","type":"post","link":"https:\/\/www.radiopresidenteibanez.cl\/web\/mindep-e-ind-recorrieron-barrios-de-punta-arenas-con-clases-al-aire-libre\/","title":{"rendered":"MINDEP E IND RECORRIERON BARRIOS DE PUNTA ARENAS CON CLASES AL AIRE LIBRE"},"content":{"rendered":"\n<p>El Ministerio del Deporte e Instituto Nacional de Deportes, con el objetivo\nde promover la pr\u00e1ctica de actividad f\u00edsica y deporte, recorrieron este jueves\ndistintos barrios de Punta Arenas con clases al aire libre. <\/p>\n\n\n\n<p>Tras el paso a Fase 3 en la comuna de Punta Arenas y el aumento del aforo a\n25 personas para actividades en exterior, el Mindep e IND aprovecharon para\nrecorrer la ciudad con clases de disciplinas como baile entretenido, combat,\npower jump, y body jam. <\/p>\n\n\n\n<p>As\u00ed, desde las 10:00 hasta las 20:00 horas, se realiz\u00f3 el evento \u201cMindep e\nIND recorren tu barrio\u201d con actividades en la Plaza Esmeralda, multicancha de\nla poblaci\u00f3n El Ping\u00fcino, Villa Las Etnias, Villa llas Nieves, Archipi\u00e9lagos de\nChilo\u00e9, y un cierre en el Centro Elige Vivir Sano. <\/p>\n\n\n\n<p>\u201cEstamos muy contentos por la recepci\u00f3n que tuvo el p\u00fablico con nuestras\nactividades y la idea era promover en distintos puntos de la ciudad la pr\u00e1ctica\nde actividad f\u00edsica y deporte. Con esto, buscamos motivar a m\u00e1s gente a mantenerse\nen movimiento e informarse de las distintas actividades que tenemos a\ndisposici\u00f3n de los usuarios de nuestros programas. Logramos reunir a m\u00e1s de 100\npersonas realizando actividad f\u00edsica en un d\u00eda y llevar alegr\u00eda y un momento\nentretenido a distintos barrios de Punta Arenas\u201d, se\u00f1al\u00f3 la Seremi del Deporte,\nOdette Callahan.<\/p>\n\n\n\n<p>Durante la jornada de \u201cMindep e IND recorren tu barrio\u201d se realizaron 11\nclases al aire libre, logrando reunir en el d\u00eda a m\u00e1s de cien personas\npracticando actividad f\u00edsica y disfrutando de las actividades que brindaron los\nprofesores de la direcci\u00f3n regional del Instituto Nacional de Deportes. <\/p>\n\n\n\n<p>Adem\u00e1s, esta actividad de recorrer barrios de Punta Arenas se espera\nreplicar para el d\u00eda mundial de la actividad f\u00edsica, programado para el 6 de\nabril y donde tambi\u00e9n se visitar\u00e1 las distintas comunas de la regi\u00f3n de\nMagallanes. <\/p>\n\n\n\n<p>\u201cLa actividad la encontr\u00e9 fant\u00e1stica y te llena el coraz\u00f3n tener mayor\ncantidad de gente. Mientras mantengamos distancia y respetando las medidas va a\nandar todo bien. Ha sido s\u00faper gratificante y la invitaci\u00f3n es a que sigamos\njunt\u00e1ndonos y aprovechando este tipo de instancias\u201d, concluy\u00f3 el profesor Aldo\nFierro, quien realiz\u00f3 clases de body combat y power jump en la multicancha de\nla poblaci\u00f3n El Ping\u00fcino y en Villas Las Nieves. <\/p>\n","protected":false},"excerpt":{"rendered":"<p>El Ministerio del Deporte e Instituto Nacional de Deportes, con el objetivo de promover la pr\u00e1ctica de actividad f\u00edsica y deporte, recorrieron este jueves distintos barrios de Punta Arenas con&#8230; <a class=\"read-more\" href=\"https:\/\/www.radiopresidenteibanez.cl\/web\/mindep-e-ind-recorrieron-barrios-de-punta-arenas-con-clases-al-aire-libre\/\">Leer m\u00e1s<\/a><\/p>\n","protected":false},"author":2,"featured_media":19393,"comment_status":"closed","ping_status":"closed","sticky":false,"template":"","format":"standard","meta":{"footnotes":""},"categories":[1],"tags":[],"class_list":["post-19392","post","type-post","status-publish","format-standard","has-post-thumbnail","hentry","category-cronica"],"_links":{"self":[{"href":"https:\/\/www.radiopresidenteibanez.cl\/web\/wp-json\/wp\/v2\/posts\/19392","targetHints":{"allow":["GET"]}}],"collection":[{"href":"https:\/\/www.radiopresidenteibanez.cl\/web\/wp-json\/wp\/v2\/posts"}],"about":[{"href":"https:\/\/www.radiopresidenteibanez.cl\/web\/wp-json\/wp\/v2\/types\/post"}],"author":[{"embeddable":true,"href":"https:\/\/www.radiopresidenteibanez.cl\/web\/wp-json\/wp\/v2\/users\/2"}],"replies":[{"embeddable":true,"href":"https:\/\/www.radiopresidenteibanez.cl\/web\/wp-json\/wp\/v2\/comments?post=19392"}],"version-history":[{"count":0,"href":"https:\/\/www.radiopresidenteibanez.cl\/web\/wp-json\/wp\/v2\/posts\/19392\/revisions"}],"wp:featuredmedia":[{"embeddable":true,"href":"https:\/\/www.radiopresidenteibanez.cl\/web\/wp-json\/wp\/v2\/media\/19393"}],"wp:attachment":[{"href":"https:\/\/www.radiopresidenteibanez.cl\/web\/wp-json\/wp\/v2\/media?parent=19392"}],"wp:term":[{"taxonomy":"category","embeddable":true,"href":"https:\/\/www.radiopresidenteibanez.cl\/web\/wp-json\/wp\/v2\/categories?post=19392"},{"taxonomy":"post_tag","embeddable":true,"href":"https:\/\/www.radiopresidenteibanez.cl\/web\/wp-json\/wp\/v2\/tags?post=19392"}],"curies":[{"name":"wp","href":"https:\/\/api.w.org\/{rel}","templated":true}]}}