{"id":19388,"date":"2021-03-21T02:30:00","date_gmt":"2021-03-21T02:30:00","guid":{"rendered":"https:\/\/www.radiopresidenteibanez.cl\/web\/?p=19388"},"modified":"2021-03-20T20:42:06","modified_gmt":"2021-03-20T20:42:06","slug":"gobernacion-maritima-de-punta-arenas-presta-asistencia-a-proceso-de-vacunacion-de-pesca-artesanal-en-muelle-prat","status":"publish","type":"post","link":"https:\/\/www.radiopresidenteibanez.cl\/web\/gobernacion-maritima-de-punta-arenas-presta-asistencia-a-proceso-de-vacunacion-de-pesca-artesanal-en-muelle-prat\/","title":{"rendered":"GOBERNACI\u00d3N MAR\u00cdTIMA DE PUNTA ARENAS PRESTA ASISTENCIA A PROCESO DE VACUNACI\u00d3N DE PESCA ARTESANAL EN MUELLE PRAT"},"content":{"rendered":"\n<p>Durante la jornada del 18 de marzo se inici\u00f3 el proceso de vacunaci\u00f3n a trabajadores ligados al \u00e1rea de Pesca Artesanal, el cual se desarrollar\u00e1 durante tres jornadas en el terminal de pasajeros del Muelle Prat de la capital regional de Magallanes y Ant\u00e1rtica Chilena.<\/p>\n\n\n\n<p>De esta manera personal de Polic\u00eda Mar\u00edtima, dependiente de la Capitan\u00eda de Puerto de Punta Arenas, presto asistencia y seguridad en el recinto de vacunaci\u00f3n, trabajando en coordinaci\u00f3n interagencial con personal de la Empresa Portuaria, IST, Seremi de Econom\u00eda y Turismo, as\u00ed como con la Direcci\u00f3n Zonal de Pesca y Acuicultura de Magallanes y Ant\u00e1rtica Chilena.<\/p>\n\n\n\n<p>En el proceso del operativo enmarcado en la campa\u00f1a de vacunaci\u00f3n Covid-19, el cual busca entregar acceso a 300 dosis de vacunas Sinovac a trabajadores ligados a la pesca artesanal, se desarroll\u00f3 sin mayores inconvenientes estableciendo los protocolos correspondientes al actual contexto de emergencia sanitaria, el cual involucr\u00f3 el proceso de distanciamiento f\u00edsico, acreditaci\u00f3n y espera correspondiente tras la aplicaci\u00f3n de la dosis.<\/p>\n\n\n\n<p>La Seremi de Econom\u00eda y Turismo de la Regi\u00f3n de Magallanes y Ant\u00e1rtica Chilena, Natalia Easton, se\u00f1al\u00f3 que \u201cagradecemos el rol y el trabajo conjunto realizado junto a la Armada de Chile, no tan solo en este proceso de vacunaci\u00f3n sino que en forma permanente en apoyar al sector pesquero artesanal en este contexto de pandemia\u201d.<\/p>\n\n\n\n<p>De igual manera la Directora Zonal de Pesca y Acuicultura de Magallanes y Ant\u00e1rtica Chilena, Paulina Barraza destac\u00f3 que \u201ceste requerimiento fue realizado por diferentes instituciones ligadas a la pesca artesanal, pero siempre en compa\u00f1\u00eda y en apoyo de la Armada.&nbsp; El apoyo de la Armada es fundamental que nos ha ayudado a ordenar la entrega de esta vacuna y teniendo el control de quienes asistan a este proceso de vacunaci\u00f3n\u201d, complementando que \u201cestamos s\u00faper agradecidos del apoyo de la Armada, pues saben las caracter\u00edsticas de la pesca artesanal que es muy diferente al resto del pa\u00eds\u201d.<\/p>\n\n\n\n<p>La Capitan\u00eda de Puerto de Punta Arenas, a trav\u00e9s de la Polic\u00eda Mar\u00edtima, se encuentra desplegada en distintas acciones vinculadas al apoyo a la comunidad, al igual que la totalidad de reparticiones y unidades de la Armada de Chile, apoyando al esfuerzo interagencial desarrollado en concordancia al \u00e1rea de misi\u00f3n de Emergencia Nacional y Protecci\u00f3n Civil en todo el territorio nacional.<\/p>\n","protected":false},"excerpt":{"rendered":"<p>Durante la jornada del 18 de marzo se inici\u00f3 el proceso de vacunaci\u00f3n a trabajadores ligados al \u00e1rea de Pesca Artesanal, el cual se desarrollar\u00e1 durante tres jornadas en el&#8230; <a class=\"read-more\" href=\"https:\/\/www.radiopresidenteibanez.cl\/web\/gobernacion-maritima-de-punta-arenas-presta-asistencia-a-proceso-de-vacunacion-de-pesca-artesanal-en-muelle-prat\/\">Leer m\u00e1s<\/a><\/p>\n","protected":false},"author":2,"featured_media":19389,"comment_status":"closed","ping_status":"closed","sticky":false,"template":"","format":"standard","meta":{"footnotes":""},"categories":[1],"tags":[],"class_list":["post-19388","post","type-post","status-publish","format-standard","has-post-thumbnail","hentry","category-cronica"],"_links":{"self":[{"href":"https:\/\/www.radiopresidenteibanez.cl\/web\/wp-json\/wp\/v2\/posts\/19388","targetHints":{"allow":["GET"]}}],"collection":[{"href":"https:\/\/www.radiopresidenteibanez.cl\/web\/wp-json\/wp\/v2\/posts"}],"about":[{"href":"https:\/\/www.radiopresidenteibanez.cl\/web\/wp-json\/wp\/v2\/types\/post"}],"author":[{"embeddable":true,"href":"https:\/\/www.radiopresidenteibanez.cl\/web\/wp-json\/wp\/v2\/users\/2"}],"replies":[{"embeddable":true,"href":"https:\/\/www.radiopresidenteibanez.cl\/web\/wp-json\/wp\/v2\/comments?post=19388"}],"version-history":[{"count":0,"href":"https:\/\/www.radiopresidenteibanez.cl\/web\/wp-json\/wp\/v2\/posts\/19388\/revisions"}],"wp:featuredmedia":[{"embeddable":true,"href":"https:\/\/www.radiopresidenteibanez.cl\/web\/wp-json\/wp\/v2\/media\/19389"}],"wp:attachment":[{"href":"https:\/\/www.radiopresidenteibanez.cl\/web\/wp-json\/wp\/v2\/media?parent=19388"}],"wp:term":[{"taxonomy":"category","embeddable":true,"href":"https:\/\/www.radiopresidenteibanez.cl\/web\/wp-json\/wp\/v2\/categories?post=19388"},{"taxonomy":"post_tag","embeddable":true,"href":"https:\/\/www.radiopresidenteibanez.cl\/web\/wp-json\/wp\/v2\/tags?post=19388"}],"curies":[{"name":"wp","href":"https:\/\/api.w.org\/{rel}","templated":true}]}}