{"id":19385,"date":"2021-03-21T02:15:00","date_gmt":"2021-03-21T02:15:00","guid":{"rendered":"https:\/\/www.radiopresidenteibanez.cl\/web\/?p=19385"},"modified":"2021-03-20T20:40:13","modified_gmt":"2021-03-20T20:40:13","slug":"la-armada-de-chile-a-un-ano-del-estado-de-excepcion-constitucional-de-emergencia-en-la-region-de-magallanes-y-antartica-chilena","status":"publish","type":"post","link":"https:\/\/www.radiopresidenteibanez.cl\/web\/la-armada-de-chile-a-un-ano-del-estado-de-excepcion-constitucional-de-emergencia-en-la-region-de-magallanes-y-antartica-chilena\/","title":{"rendered":"LA ARMADA DE CHILE A UN A\u00d1O DEL ESTADO DE EXCEPCI\u00d3N CONSTITUCIONAL DE EMERGENCIA EN LA REGI\u00d3N DE MAGALLANES Y ANT\u00c1RTICA CHILENA"},"content":{"rendered":"\n<p>Desde el 18 de marzo del 2020, producto de la pandemia de Covid 19, diferentes esfuerzos se han llevado a cabo por parte de diferentes instituciones, esto con el objetivo de apoyar a la comunidad ante la emergencia sanitaria que a\u00fan est\u00e1 vigente en nuestro territorio nacional.<\/p>\n\n\n\n<p>De esta manera en la Regi\u00f3n de Magallanes y Ant\u00e1rtica Chilena la Tercera Zona Naval, al igual que el resto de jurisdicciones navales de nuestra Patria, ha tenido que desplegar sus esfuerzos, manteniendo paralelamente sus tareas y funciones, estableciendo barreras sanitarias, puntos de chequeo, patrullajes y fiscalizaci\u00f3n, apoyando a la distribuci\u00f3n de alimentos y enseres, superando las dificultades meteorol\u00f3gicas propias de la Regi\u00f3n de Magallanes y Ant\u00e1rtica Chilena.<\/p>\n\n\n\n<p>Es de esta manera que en zonas aisladas de nuestro territorio se han mantenido en forma constante apoyo a la ciudadan\u00eda, manteniendo activa la red integrada de se\u00f1alizaci\u00f3n mar\u00edtima, fundamental para la segura navegaci\u00f3n por las diferentes rutas mar\u00edtimas que han mantenido el soporte log\u00edstico en todo el territorio nacional, de igual manera se han realizado apoyos a rondas m\u00e9dicas, operativos de rastreos epidemiol\u00f3gicos y una serie de acciones tendientes a colaborar en forma plena con el \u00e1rea de misi\u00f3n de Emergencia Nacional y Protecci\u00f3n Civil, en donde el esfuerzo de todos quienes componen las filas de la Armada de Chile ha sido fundamental.<\/p>\n\n\n\n<p>El desaf\u00edo asumido no ha sido menor, especialmente considerando lo extenso del territorio y las diversas condiciones meteorol\u00f3gicas, en ocasiones estando desplegados en las calles de las principales ciudades de la regi\u00f3n con temperaturas bajo cero, soportando el fuerte viento, nieve, lluvia y las altas temperaturas registradas durante los meses de verano.<\/p>\n\n\n\n<p>Las labores realizadas durante el \u00faltimo a\u00f1o han involucrado la continua operaci\u00f3n de barreras sanitarias en los terminales portuarios, como es el caso de Punta Delgada, Punta Arenas, Puerto Natales, Puerto Ed\u00e9n, Porvenir y Puerto Williams, en donde se han realizado fiscalizaciones en cordones y barreras sanitarias a m\u00e1s de 208.015 veh\u00edculos y 382.703 &nbsp;personas, en borde costero a m\u00e1s de 1.335 personas, sumado al despliegue en puestos de chequeo en donde se han efectuado fiscalizaciones a m\u00e1s de 816.992 personas y m\u00e1s de 507.195 veh\u00edculos, a lo cual se suman las Patrullas de personal Naval y de Infanter\u00eda de Marina, quienes han fiscalizado a m\u00e1s de&nbsp; 345.115 personas y 166.228 veh\u00edculos en toda la Regi\u00f3n de Magallanes y Ant\u00e1rtica Chile, colaborando al inmenso esfuerzo realizado por diversas instituciones.<\/p>\n\n\n\n<p>Lo cual nos da un total de m\u00e1s de 1.546.145 fiscalizaciones a personas y m\u00e1s de 881.438 veh\u00edculos, esfuerzo tendiente a contener la propagaci\u00f3n del Covid 19 en nuestra regi\u00f3n.<\/p>\n\n\n\n<p>De igual manera se han realizado diversos despliegues de Unidades en tareas de evacuaciones m\u00e9dicas por casos de Covid-19, teniendo que adaptarse a los protocolos establecidos para mantener aislamiento, exponi\u00e9ndose las dotaciones en resguardo de la vida de diferentes compatriotas, para llegar a lugares de asistencia m\u00e9dica especializada.<\/p>\n\n\n\n<p>Debemos recordar que Puerto Williams fue una de las primeras ciudades en entrar en proceso de cuarentena, teniendo el delegado de la Defensa Nacional de la Regi\u00f3n de Magallanes, correspondiente al Comandante del Distrito Naval Beagle, organizar las primeras medidas tendientes a mantener la tranquilidad de la poblaci\u00f3n, log\u00edstica y fiscalizaci\u00f3n ante una situaci\u00f3n que r\u00e1pidamente se fue desarrollando a una escala insospechada, involucrando a todo el territorio nacional.<\/p>\n\n\n\n<p>De esta manera tambi\u00e9n se ha apoyado a diferentes regiones del pa\u00eds, como es el caso del Destacamento de Infanter\u00eda de Marina N\u00b0 4 \u201cCochrane\u201d, el cual fue desplegado en la Regi\u00f3n de Valpara\u00edso y en Isla Grande de Chilo\u00e9, prestando apoyo a las comunidades, siendo un valioso apoyo ante la necesidad de reforzar la presencia y acci\u00f3n durante momentos cr\u00edticos de esta emergencia sanitaria.<\/p>\n\n\n\n<p>El Comandante en Jefe de la Tercera Zona Naval, Contraalmirante Leonardo Chav\u00e9z, afirma que \u201c<em>el trabajo realizado por las diferentes instituciones en este proceso de emergencia sanitaria ha sido altamente comprometido, estableciendo una coordinaci\u00f3n interagencial que ha sido fundamental para apoyar en forma decisiva a la comunidad<\/em>\u201d, complementando que \u201c<em>el trabajo realizado por el Personal Naval desplegado en tareas de fiscalizaci\u00f3n y Unidades en apoyo en tareas propias de la emergencia sanitaria, ha demostrado el compromiso de los hombres y mujeres que componen la Armada de Chile, en cumplimiento de su juramento de servicio, exponiendo sus vidas muchas veces en el desempe\u00f1o de sus labores y dando muestra de su profesionalismo en todo lugar, siendo parte activa del despliegue m\u00e1s grande de las Fuerzas Armadas en toda su historia<\/em>\u201d.<\/p>\n\n\n\n<p>La Armada de Chile, durante el proceso de emergencia sanitaria ha desempe\u00f1ado una serie de acciones en conjunto con otras instituciones, las cuales han sido complementarias a sus labores permanentes, las cuales han continuado desempe\u00f1\u00e1ndose en el \u00e1mbito de la Defensa, Desarrollo Nacional y acci\u00f3n del Estado, Seguridad e Intereses Territoriales, Cooperaci\u00f3n Internacional y las ya enunciadas labores ligadas a la Emergencia Nacional y protecci\u00f3n Civil, continuando sus diferentes componentes activos, ya sea en tierra, mar y aire, preparados para ser desplegados ante las necesidades de la Patria y sus altos destinos.&nbsp;<\/p>\n","protected":false},"excerpt":{"rendered":"<p>Desde el 18 de marzo del 2020, producto de la pandemia de Covid 19, diferentes esfuerzos se han llevado a cabo por parte de diferentes instituciones, esto con el objetivo&#8230; <a class=\"read-more\" href=\"https:\/\/www.radiopresidenteibanez.cl\/web\/la-armada-de-chile-a-un-ano-del-estado-de-excepcion-constitucional-de-emergencia-en-la-region-de-magallanes-y-antartica-chilena\/\">Leer m\u00e1s<\/a><\/p>\n","protected":false},"author":2,"featured_media":19386,"comment_status":"closed","ping_status":"closed","sticky":false,"template":"","format":"standard","meta":{"footnotes":""},"categories":[1],"tags":[],"class_list":["post-19385","post","type-post","status-publish","format-standard","has-post-thumbnail","hentry","category-cronica"],"_links":{"self":[{"href":"https:\/\/www.radiopresidenteibanez.cl\/web\/wp-json\/wp\/v2\/posts\/19385","targetHints":{"allow":["GET"]}}],"collection":[{"href":"https:\/\/www.radiopresidenteibanez.cl\/web\/wp-json\/wp\/v2\/posts"}],"about":[{"href":"https:\/\/www.radiopresidenteibanez.cl\/web\/wp-json\/wp\/v2\/types\/post"}],"author":[{"embeddable":true,"href":"https:\/\/www.radiopresidenteibanez.cl\/web\/wp-json\/wp\/v2\/users\/2"}],"replies":[{"embeddable":true,"href":"https:\/\/www.radiopresidenteibanez.cl\/web\/wp-json\/wp\/v2\/comments?post=19385"}],"version-history":[{"count":0,"href":"https:\/\/www.radiopresidenteibanez.cl\/web\/wp-json\/wp\/v2\/posts\/19385\/revisions"}],"wp:featuredmedia":[{"embeddable":true,"href":"https:\/\/www.radiopresidenteibanez.cl\/web\/wp-json\/wp\/v2\/media\/19386"}],"wp:attachment":[{"href":"https:\/\/www.radiopresidenteibanez.cl\/web\/wp-json\/wp\/v2\/media?parent=19385"}],"wp:term":[{"taxonomy":"category","embeddable":true,"href":"https:\/\/www.radiopresidenteibanez.cl\/web\/wp-json\/wp\/v2\/categories?post=19385"},{"taxonomy":"post_tag","embeddable":true,"href":"https:\/\/www.radiopresidenteibanez.cl\/web\/wp-json\/wp\/v2\/tags?post=19385"}],"curies":[{"name":"wp","href":"https:\/\/api.w.org\/{rel}","templated":true}]}}