{"id":19382,"date":"2021-03-21T02:00:00","date_gmt":"2021-03-21T02:00:00","guid":{"rendered":"https:\/\/www.radiopresidenteibanez.cl\/web\/?p=19382"},"modified":"2021-03-20T20:38:23","modified_gmt":"2021-03-20T20:38:23","slug":"unidad-de-brotes-seremi-de-salud-magallanes-tras-la-huella-del-virus","status":"publish","type":"post","link":"https:\/\/www.radiopresidenteibanez.cl\/web\/unidad-de-brotes-seremi-de-salud-magallanes-tras-la-huella-del-virus\/","title":{"rendered":"UNIDAD DE BROTES SEREMI DE SALUD MAGALLANES: TRAS LA HUELLA DEL VIRUS"},"content":{"rendered":"\n<p>Hace\nun a\u00f1o se dio a conocer sobre el contagio de la primera persona con Covid-19 en\nla regi\u00f3n de Magallanes, dando por iniciada la pandemia en la regi\u00f3n m\u00e1s\naustral de Chile. Junto con los primeros dos contagiados hubo tambi\u00e9n una\nimportante tarea de investigaci\u00f3n para poder saber c\u00f3mo, cu\u00e1ndo y a trav\u00e9s de\nqui\u00e9n el virus hab\u00eda ingresado a tierras australes. <\/p>\n\n\n\n<p>Hoy,\nun a\u00f1o despu\u00e9s, la Unidad de Brotes dependiente de Epidemiolog\u00eda, Salud P\u00fablica,\nse ha consolidado a trav\u00e9s de un intenso trabajo de investigaci\u00f3n de casos en\ngrupos de la poblaci\u00f3n con alto riesgo de contagio, \u00e1mbitos que congregan\ngeneralmente a muchas personas, origin\u00e1ndose brotes laborales, educacionales,\nrecreativos o producto de eventos sociales.<\/p>\n\n\n\n<p>Este\nequipo inicia su investigaci\u00f3n gracias a la informaci\u00f3n que proporciona el\ncentro de trazabilidad, detectando brotes que son casos asociados en tiempo,\nlugar y persona. Esto significa que son casos de una misma instituci\u00f3n cerrada\nde alto riesgo, ya sean empresas, Establecimientos de Larga Estad\u00eda (Eleam) ,\ncentros penitenciarios, centros de menores o, frecuentemente se detectan, &nbsp;brotes familiares por ubicaci\u00f3n en domicilio.\nHay casos en que familias completas se han contagiado: abuelos, padres, hijos,\nnietos hasta nueras y yernos. <\/p>\n\n\n\n<p>Al\nrespecto, Rosa Paredes, profesional de la Unidad de Brotes agrega que:\u201d Lamentablemente\na\u00fan existe una baja percepci\u00f3n de riesgo en sectores de la poblaci\u00f3n, hemos\ndetectado en algunos lugares planas completas sin el uso de la mascarilla,\nlugares con escasa ventilaci\u00f3n y brotes ocasionados por personas que se juntan fuera\ndel horario laboral y no mencionan sus contactos estrechos\u201d.<\/p>\n\n\n\n<p>El SEREMI\nde Salud (S), Eduardo Castillo, explic\u00f3 que este virus puede ser altamente contagioso\ny ocasionar brotes r\u00e1pidamente. Por ejemplo, el otro d\u00eda tuvimos conocimiento\nque un joven positivo a Covid que, sabiendo su condici\u00f3n, concurri\u00f3 a una\nfiesta y comparti\u00f3 con alrededor de 20 asistentes, 12 de los cuales se\ncontagiaron\u201d.<\/p>\n\n\n\n<p>Cabe\nse\u00f1alar, que los estudios de brote est\u00e1n relacionados con una l\u00ednea de tiempo,\nla cual la esta unidad busca la causa del contagio, investigando los factores\nde riesgo a los que hayan estado expuestos las personas, y posteriormente\ninformando en la investigaci\u00f3n epidemiol\u00f3gica para frenar la cadena de\ntransmisi\u00f3n en los lugares de trabajo.<\/p>\n\n\n\n<p>Dado\nque el Covid-19 se transmite antes del inicio de s\u00edntomas o cuando los s\u00edntomas\nest\u00e1n presentes, la investigaci\u00f3n de casos y las actividades de trazabilidad\ndeben ser oportunas, r\u00e1pidas y exhaustivas<\/p>\n\n\n\n<p>Rosa\nParedes explica que en la unidad trabaja un grupo multidisciplinario de\nprofesionales, los cuales tienen a cargo investigaciones de brotes en diversos\n\u00e1mbitos: empresas de \u00e1reas de alimentos como pesqueras, frigor\u00edficos o salmoneras.\nUn encargado de brote en empresas de construcci\u00f3n, retail y encargado de los\nbrotes institucionales (centros penitenciarios, fuerzas armadas, centros de\nlarga estad\u00eda, entre otros).<\/p>\n\n\n\n<p>\u201cAhora\n\u00faltimo incorporamos referentes de establecimientos educacionales quienes se\nencargan puedan afectar a trabajadores o estudiantes.&nbsp; Tambi\u00e9n, a trabajo completo y exclusivo hay\nun encargado de vigilancia epidemiol\u00f3gica del territorio Ant\u00e1rtico quien vela\npara que no ingresen casos positivos al continente ant\u00e1rtico a trav\u00e9s del\nmonitoreo de cumplimientos de protocolos establecidos para ello\u201d, agreg\u00f3. <\/p>\n\n\n\n<p>Semanalmente\nesta unidad se realiza an\u00e1lisis y reportes a nivel central junto con trabajar\ncon informaci\u00f3n georreferenciada para ver cl\u00fasteres familiares \u201cEste es un trabajo\nen equipo, una cadena que se inicia con los trazadores y las oficinas\nprovinciales quienes suministran toda la informaci\u00f3n necesaria para iniciar el\nproceso investigativo epidemiol\u00f3gico\u201d, finaliz\u00f3. <\/p>\n","protected":false},"excerpt":{"rendered":"<p>Hace un a\u00f1o se dio a conocer sobre el contagio de la primera persona con Covid-19 en la regi\u00f3n de Magallanes, dando por iniciada la pandemia en la regi\u00f3n m\u00e1s&#8230; <a class=\"read-more\" href=\"https:\/\/www.radiopresidenteibanez.cl\/web\/unidad-de-brotes-seremi-de-salud-magallanes-tras-la-huella-del-virus\/\">Leer m\u00e1s<\/a><\/p>\n","protected":false},"author":2,"featured_media":19383,"comment_status":"closed","ping_status":"closed","sticky":false,"template":"","format":"standard","meta":{"footnotes":""},"categories":[1],"tags":[],"class_list":["post-19382","post","type-post","status-publish","format-standard","has-post-thumbnail","hentry","category-cronica"],"_links":{"self":[{"href":"https:\/\/www.radiopresidenteibanez.cl\/web\/wp-json\/wp\/v2\/posts\/19382","targetHints":{"allow":["GET"]}}],"collection":[{"href":"https:\/\/www.radiopresidenteibanez.cl\/web\/wp-json\/wp\/v2\/posts"}],"about":[{"href":"https:\/\/www.radiopresidenteibanez.cl\/web\/wp-json\/wp\/v2\/types\/post"}],"author":[{"embeddable":true,"href":"https:\/\/www.radiopresidenteibanez.cl\/web\/wp-json\/wp\/v2\/users\/2"}],"replies":[{"embeddable":true,"href":"https:\/\/www.radiopresidenteibanez.cl\/web\/wp-json\/wp\/v2\/comments?post=19382"}],"version-history":[{"count":0,"href":"https:\/\/www.radiopresidenteibanez.cl\/web\/wp-json\/wp\/v2\/posts\/19382\/revisions"}],"wp:featuredmedia":[{"embeddable":true,"href":"https:\/\/www.radiopresidenteibanez.cl\/web\/wp-json\/wp\/v2\/media\/19383"}],"wp:attachment":[{"href":"https:\/\/www.radiopresidenteibanez.cl\/web\/wp-json\/wp\/v2\/media?parent=19382"}],"wp:term":[{"taxonomy":"category","embeddable":true,"href":"https:\/\/www.radiopresidenteibanez.cl\/web\/wp-json\/wp\/v2\/categories?post=19382"},{"taxonomy":"post_tag","embeddable":true,"href":"https:\/\/www.radiopresidenteibanez.cl\/web\/wp-json\/wp\/v2\/tags?post=19382"}],"curies":[{"name":"wp","href":"https:\/\/api.w.org\/{rel}","templated":true}]}}