{"id":19378,"date":"2021-03-20T15:42:21","date_gmt":"2021-03-20T15:42:21","guid":{"rendered":"https:\/\/www.radiopresidenteibanez.cl\/web\/?p=19378"},"modified":"2021-03-20T15:42:27","modified_gmt":"2021-03-20T15:42:27","slug":"concejo-municipal-de-natales-aprueba-el-plan-municipal-de-cultura-2020-2024","status":"publish","type":"post","link":"https:\/\/www.radiopresidenteibanez.cl\/web\/concejo-municipal-de-natales-aprueba-el-plan-municipal-de-cultura-2020-2024\/","title":{"rendered":"CONCEJO MUNICIPAL DE NATALES APRUEBA EL PLAN MUNICIPAL DE CULTURA 2020-2024"},"content":{"rendered":"\n<p>Despu\u00e9s de una extensa presentaci\u00f3n de la\nCorporaci\u00f3n Municipal de Cultura, Turismo y Patrimonio ante el Concejo\nMunicipal de Natales, se aprob\u00f3 de forma un\u00e1nime por parte de los concejales el\nPlan Municipal de Cultura (PMC) 2020-2024.<\/p>\n\n\n\n<p>El proceso comenz\u00f3 en junio del a\u00f1o pasado y\nparticiparon m\u00e1s de mil personas, quienes mediante conversatorios, focus group\ny encuestas definieron cinco ejes estrat\u00e9gicos para ejecutar a trav\u00e9s de 47\nacciones.<\/p>\n\n\n\n<p>El director ejecutivo de la Corporaci\u00f3n de\nCultura, Turismo y Patrimonio de Natales, Jos\u00e9 Urra, valor\u00f3 el apoyo prestado\npara la realizaci\u00f3n de este Plan Municipal de Cultura, \u201cagradecer la aprobaci\u00f3n\npor parte del Concejo Municipal, agradecer la colaboraci\u00f3n por parte de la\nSeremi de las Culturas que nos apoy\u00f3 en la realizaci\u00f3n de esta actualizaci\u00f3n, y\nfinalmente agradecer a la comunidad que se prest\u00f3 para trabajar en esta hoja de\nruta que vamos a tener de aqu\u00ed en adelante con acciones concretas en beneficio\nde la cultura para nuestra comunidad\u201d.<\/p>\n\n\n\n<p>Junto con la anterior, el director destac\u00f3 todo el\ntrabajo realizado para este plan bajo el contexto de pandemia, \u201cfue casi un a\u00f1o\nde trabajo en donde tuvimos que reorganizarnos y readecuar la labor que ven\u00eda\nprogramada con acciones concretas a realizar, las cuales tuvimos que adecuar a\nesta situaci\u00f3n en pandemia que enfrentamos durante el a\u00f1o pasado\u201d.<\/p>\n\n\n\n<p>Finalmente, el alcalde\nde la comuna y presidente del Concejo Municipal, subray\u00f3 en la sesi\u00f3n lo\nimportante que fue enlazar el nuevo Plan de Desarrollo Comunal con el Plan\nMunicipal de Cultura para generar un crecimiento de manera integral. <\/p>\n\n\n\n<p>El&nbsp;Plan Municipal\nde Cultura (PMC)&nbsp;es un&nbsp;instrumento\nde gesti\u00f3n&nbsp;municipal&nbsp;que se elabora en base a una&nbsp;planificaci\u00f3n estrat\u00e9gica,\nmediante la cual se definen&nbsp;los objetivos\ndel desarrollo&nbsp;cultural&nbsp;para la comuna&nbsp;a mediano y largo\nplazo.<\/p>\n\n\n\n<p>Las personas interesadas en conocer el paso a paso\nde este proceso pueden revisar el apartado especial del PMC en el sitio <a href=\"http:\/\/www.muninatales.cl\">www.muninatales.cl<\/a>. <\/p>\n","protected":false},"excerpt":{"rendered":"<p>Despu\u00e9s de una extensa presentaci\u00f3n de la Corporaci\u00f3n Municipal de Cultura, Turismo y Patrimonio ante el Concejo Municipal de Natales, se aprob\u00f3 de forma un\u00e1nime por parte de los concejales&#8230; <a class=\"read-more\" href=\"https:\/\/www.radiopresidenteibanez.cl\/web\/concejo-municipal-de-natales-aprueba-el-plan-municipal-de-cultura-2020-2024\/\">Leer m\u00e1s<\/a><\/p>\n","protected":false},"author":2,"featured_media":19379,"comment_status":"closed","ping_status":"closed","sticky":false,"template":"","format":"standard","meta":{"footnotes":""},"categories":[1],"tags":[],"class_list":["post-19378","post","type-post","status-publish","format-standard","has-post-thumbnail","hentry","category-cronica"],"_links":{"self":[{"href":"https:\/\/www.radiopresidenteibanez.cl\/web\/wp-json\/wp\/v2\/posts\/19378","targetHints":{"allow":["GET"]}}],"collection":[{"href":"https:\/\/www.radiopresidenteibanez.cl\/web\/wp-json\/wp\/v2\/posts"}],"about":[{"href":"https:\/\/www.radiopresidenteibanez.cl\/web\/wp-json\/wp\/v2\/types\/post"}],"author":[{"embeddable":true,"href":"https:\/\/www.radiopresidenteibanez.cl\/web\/wp-json\/wp\/v2\/users\/2"}],"replies":[{"embeddable":true,"href":"https:\/\/www.radiopresidenteibanez.cl\/web\/wp-json\/wp\/v2\/comments?post=19378"}],"version-history":[{"count":0,"href":"https:\/\/www.radiopresidenteibanez.cl\/web\/wp-json\/wp\/v2\/posts\/19378\/revisions"}],"wp:featuredmedia":[{"embeddable":true,"href":"https:\/\/www.radiopresidenteibanez.cl\/web\/wp-json\/wp\/v2\/media\/19379"}],"wp:attachment":[{"href":"https:\/\/www.radiopresidenteibanez.cl\/web\/wp-json\/wp\/v2\/media?parent=19378"}],"wp:term":[{"taxonomy":"category","embeddable":true,"href":"https:\/\/www.radiopresidenteibanez.cl\/web\/wp-json\/wp\/v2\/categories?post=19378"},{"taxonomy":"post_tag","embeddable":true,"href":"https:\/\/www.radiopresidenteibanez.cl\/web\/wp-json\/wp\/v2\/tags?post=19378"}],"curies":[{"name":"wp","href":"https:\/\/api.w.org\/{rel}","templated":true}]}}