{"id":19372,"date":"2021-03-20T15:36:29","date_gmt":"2021-03-20T15:36:29","guid":{"rendered":"https:\/\/www.radiopresidenteibanez.cl\/web\/?p=19372"},"modified":"2021-03-20T15:36:34","modified_gmt":"2021-03-20T15:36:34","slug":"cchc-punta-arenas-lanzo-portal-de-empleo-en-la-celebracion-del-dia-del-trabajador-de-la-construccion","status":"publish","type":"post","link":"https:\/\/www.radiopresidenteibanez.cl\/web\/cchc-punta-arenas-lanzo-portal-de-empleo-en-la-celebracion-del-dia-del-trabajador-de-la-construccion\/","title":{"rendered":"CCHC PUNTA ARENAS LANZ\u00d3 PORTAL DE EMPLEO EN LA CELEBRACI\u00d3N DEL D\u00cdA DEL TRABAJADOR DE LA CONSTRUCCI\u00d3N"},"content":{"rendered":"\n<p>La C\u00e1mara Chilena de la Construcci\u00f3n Punta Arenas celebr\u00f3 el D\u00eda del Trabajador de la Construcci\u00f3n en la obra Loteo R\u00edo de los Ciervos junto a trabajadores del sector y con la presencia de autoridades regionales.<\/p>\n\n\n\n<p>\u201cA ra\u00edz de la situaci\u00f3n sanitaria, el \u00faltimo a\u00f1o ha sido muy dif\u00edcil, por lo que hoy es m\u00e1s necesario que nunca dedicar un d\u00eda a reconocer el gran aporte de los trabajadores de nuestro sector. Los maestros han adoptado las medidas sanitarias y trabajan d\u00eda a d\u00eda para que el pa\u00eds siga en pie, por lo que debemos agradecer el tremendo compromiso que han demostrado tener con nuestra industria\u201d, se\u00f1al\u00f3 el presidente de CChC Punta Arenas, Carlos Braun.<\/p>\n\n\n\n<p>Los trabajadores de la construcci\u00f3n presentes en la actividad recibieron m\u00faltiples saludos por su D\u00eda, incluyendo las felicitaciones de autoridades regionales como el seremi de Obras P\u00fablicas, Pablo Rendoll; el seremi de Vivienda y Urbanismo, Jos\u00e9 Miguel Horcos; y el director regional del Serviu, Dubalio P\u00e9rez.<\/p>\n\n\n\n<p>En la ocasi\u00f3n, la CChC present\u00f3&nbsp;<strong><a href=\"http:\/\/www.trabajosenobra.cl\/\" target=\"_blank\" rel=\"noreferrer noopener\">www.trabajosenobra.cl<\/a><\/strong>, un portal virtual gratuito impulsado por la CChC, la OTIC, el SENCE y la Bolsa Nacional de Empleo (BNE), que facilita la conexi\u00f3n entre empresas y trabajadores y ayuda a la reincorporaci\u00f3n laboral de los trabajadores cesantes de la construcci\u00f3n, as\u00ed como tambi\u00e9n a certifica laboralmente a aquellos que ya se encuentran trabajando.<\/p>\n\n\n\n<p>\u201cEs una iniciativa in\u00e9dita que marcar\u00e1 un antes y un despu\u00e9s en la industria de la construcci\u00f3n que resuelve necesidades reales de los trabajadores, las empresas y el pa\u00eds y que es un aporte m\u00e1s para seguir impulsando el desarrollo sostenible de la industria\u201d, indic\u00f3 el timonel de la asociaci\u00f3n gremial.<\/p>\n\n\n\n<p>Durante la actividad organizada por la CChC Punta Arenas, se reconoci\u00f3 a Juan Antonio Oyarz\u00fan, trabajador que lleva m\u00e1s de treinta a\u00f1os en el sector de la construcci\u00f3n en la regi\u00f3n de Magallanes.<\/p>\n\n\n\n<p>\u201cEstoy contento y feliz de recibir este reconocimiento junto a mis compa\u00f1eros de trabajo y mi familia. Son muchos a\u00f1os en la construcci\u00f3n: empec\u00e9 de jornal en 1988 y hoy soy alba\u00f1il en la obra centenario de Puerto Natales\u201d, declar\u00f3 Oyarz\u00fan.<\/p>\n\n\n\n<p>Finalmente, el Comit\u00e9 Paritario de Higiene y Seguridad de la obra Hornillas de la Constructora Salfa fue reconocida por alcanzar la categor\u00eda de Oro en la Certificaci\u00f3n de Comit\u00e9s Paritarios de la Mutual de Seguridad CChC.<\/p>\n\n\n\n<p><strong>\u00bfC\u00f3mo opera Trabajosenobra.cl?<\/strong><\/p>\n\n\n\n<p>El trabajador o trabajadora interesado en un empleo puede acceder al link&nbsp;<a href=\"http:\/\/www.trabajosenobra.cl\/\" target=\"_blank\" rel=\"noreferrer noopener\">www.trabajosenobra.cl<\/a>&nbsp; desde un computador o el tel\u00e9fono.&nbsp; En el sitio web deber\u00e1 inscribirse con sus datos y experiencia laboral, adem\u00e1s del cargo u oficio al que le gustar\u00eda postular. El proceso de inscripci\u00f3n dura aproximadamente 6 minutos.&nbsp; Una vez que esto ocurre, las empresas que requieren trabajadores los contactan, de acuerdo a su experiencia y a las competencias necesarias para los cargos que buscan.<\/p>\n","protected":false},"excerpt":{"rendered":"<p>La C\u00e1mara Chilena de la Construcci\u00f3n Punta Arenas celebr\u00f3 el D\u00eda del Trabajador de la Construcci\u00f3n en la obra Loteo R\u00edo de los Ciervos junto a trabajadores del sector y&#8230; <a class=\"read-more\" href=\"https:\/\/www.radiopresidenteibanez.cl\/web\/cchc-punta-arenas-lanzo-portal-de-empleo-en-la-celebracion-del-dia-del-trabajador-de-la-construccion\/\">Leer m\u00e1s<\/a><\/p>\n","protected":false},"author":2,"featured_media":19373,"comment_status":"closed","ping_status":"closed","sticky":false,"template":"","format":"standard","meta":{"footnotes":""},"categories":[1],"tags":[],"class_list":["post-19372","post","type-post","status-publish","format-standard","has-post-thumbnail","hentry","category-cronica"],"_links":{"self":[{"href":"https:\/\/www.radiopresidenteibanez.cl\/web\/wp-json\/wp\/v2\/posts\/19372","targetHints":{"allow":["GET"]}}],"collection":[{"href":"https:\/\/www.radiopresidenteibanez.cl\/web\/wp-json\/wp\/v2\/posts"}],"about":[{"href":"https:\/\/www.radiopresidenteibanez.cl\/web\/wp-json\/wp\/v2\/types\/post"}],"author":[{"embeddable":true,"href":"https:\/\/www.radiopresidenteibanez.cl\/web\/wp-json\/wp\/v2\/users\/2"}],"replies":[{"embeddable":true,"href":"https:\/\/www.radiopresidenteibanez.cl\/web\/wp-json\/wp\/v2\/comments?post=19372"}],"version-history":[{"count":0,"href":"https:\/\/www.radiopresidenteibanez.cl\/web\/wp-json\/wp\/v2\/posts\/19372\/revisions"}],"wp:featuredmedia":[{"embeddable":true,"href":"https:\/\/www.radiopresidenteibanez.cl\/web\/wp-json\/wp\/v2\/media\/19373"}],"wp:attachment":[{"href":"https:\/\/www.radiopresidenteibanez.cl\/web\/wp-json\/wp\/v2\/media?parent=19372"}],"wp:term":[{"taxonomy":"category","embeddable":true,"href":"https:\/\/www.radiopresidenteibanez.cl\/web\/wp-json\/wp\/v2\/categories?post=19372"},{"taxonomy":"post_tag","embeddable":true,"href":"https:\/\/www.radiopresidenteibanez.cl\/web\/wp-json\/wp\/v2\/tags?post=19372"}],"curies":[{"name":"wp","href":"https:\/\/api.w.org\/{rel}","templated":true}]}}