{"id":19369,"date":"2021-03-20T15:33:19","date_gmt":"2021-03-20T15:33:19","guid":{"rendered":"https:\/\/www.radiopresidenteibanez.cl\/web\/?p=19369"},"modified":"2021-03-20T15:33:24","modified_gmt":"2021-03-20T15:33:24","slug":"avanza-proyecto-del-nuevo-complejo-policial-de-la-pdi","status":"publish","type":"post","link":"https:\/\/www.radiopresidenteibanez.cl\/web\/avanza-proyecto-del-nuevo-complejo-policial-de-la-pdi\/","title":{"rendered":"AVANZA PROYECTO DEL NUEVO COMPLEJO POLICIAL DE LA PDI"},"content":{"rendered":"\n<p>Tras un proceso iniciado a fines del\n2018, concluy\u00f3 la etapa de dise\u00f1o del proyecto de la construcci\u00f3n de un nuevo\nComplejo Policial de la Polic\u00eda de Investigaciones en Punta Arenas, el cual\ncont\u00f3 con financiamiento FNDR del Gobierno Regional. Este viernes, el prefecto\ninspector Jos\u00e9 Carrasco, jefe de la Regi\u00f3n Policial de Magallanes y de la\nAnt\u00e1rtica Chilena, se reuni\u00f3 con la intendenta Jenniffer Rojas para presentar\nlos avances de esta iniciativa, instancia en la que tambi\u00e9n particip\u00f3 la\nCoordinadora Regional de Seguridad P\u00fablica, Pamela Flores. <\/p>\n\n\n\n<p>El nuevo edificio de 5.760 m2, que se\nemplazar\u00e1 en Avenida Frei Montalva, entre las calles Manantiales y Hornillas,\ncontar\u00e1 con un moderno equipamiento y mayor tecnolog\u00eda y albergar\u00e1 a las\nunidades operativas de la polic\u00eda civil, adem\u00e1s del laboratorio de Criminal\u00edstica\nRegional Punta Arenas. <\/p>\n\n\n\n<p>Tras conocer las caracter\u00edsticas del futuro\ncomplejo, la intendenta Jenniffer Rojas, se\u00f1al\u00f3 que \u201ces muy importante, m\u00e1s a\u00fan\nen el momento que estamos viviendo como regi\u00f3n, donde la Polic\u00eda de\nInvestigaciones ha desempe\u00f1ado una funci\u00f3n que va m\u00e1s all\u00e1 de las que\ntradicionalmente conocemos. Requieren de un espacio adecuado para el\nfuncionamiento, sobretodo para la investigaci\u00f3n policial\u201d. <\/p>\n\n\n\n<p>Desde la PDI indicaron que el anhelado\nproyecto, ir\u00e1 en beneficio de la comunidad y de cada una de las personas que\nsean v\u00edctimas y denunciantes de delitos y que las nuevas dependencias brindar\u00e1n\nmejores espacios para su atenci\u00f3n. <\/p>\n\n\n\n<p>El prefecto inspector Jos\u00e9 Carrasco,\njefe de la Regi\u00f3n Policial de Magallanes y de la Ant\u00e1rtica Chilena, expres\u00f3: \u201ceste\nedificio contempla una serie de especialidades, nuestro Laboratorio de\nCriminal\u00edstica, unidades investigativas acorde a las exigencias que la ley nos\nimpone. Tenemos que construir pruebas en un nivel superlativo, donde la\nsociedad espera much\u00edsimo de nosotros. En tal sentido, este edificio re\u00fane\ntodos estos elementos para poder mejorar nuestra calidad de atenci\u00f3n, nuestros niveles\nde investigaci\u00f3n, para hacer frente a la criminalidad organizada, a las bandas criminales\nnacionales e internacionales\u201d. <\/p>\n\n\n\n<p>Finalizada la reuni\u00f3n, ambas\nautoridades resaltaron la importancia de que la regi\u00f3n cuente con nuevas\ninstalaciones y tecnolog\u00eda para la investigaci\u00f3n profesional de los delitos que\nafectan a la ciudadan\u00eda. <\/p>\n\n\n\n<p>\u201cLa comunidad sabe perfectamente que\nhemos tenido delitos que han tendido al alza y por eso necesitamos contar con\ndependencias que est\u00e9n acorde a las necesidades de hoy d\u00eda, de los magall\u00e1nicos\u201d,\nindic\u00f3 la intendenta Jenniffer Rojas.<\/p>\n\n\n\n<p>En tanto, el prefecto inspector Jos\u00e9\nCarrasco, agreg\u00f3: \u201cel narcotr\u00e1fico y las drogas, son temas que le preocupan\nmucho a la comunidad y con estas instalaciones vamos a poder ofrecer un mejor\nservicio. Estamos comprometidos con la paz social, el orden y la seguridad de\ntodos los vecinos de la regi\u00f3n\u201d. &nbsp;\n\nHabiendo concluido la\netapa de dise\u00f1o del proyecto del nuevo complejo policial de la PDI, la\ninstituci\u00f3n trabajar\u00e1 en formular la etapa de ejecuci\u00f3n. Una vez terminado este\nproceso, se deber\u00e1n evaluar las posibles fuentes de financiamiento para\nconcretar esta obra.\n\n\n\n<\/p>\n","protected":false},"excerpt":{"rendered":"<p>Tras un proceso iniciado a fines del 2018, concluy\u00f3 la etapa de dise\u00f1o del proyecto de la construcci\u00f3n de un nuevo Complejo Policial de la Polic\u00eda de Investigaciones en Punta&#8230; <a class=\"read-more\" href=\"https:\/\/www.radiopresidenteibanez.cl\/web\/avanza-proyecto-del-nuevo-complejo-policial-de-la-pdi\/\">Leer m\u00e1s<\/a><\/p>\n","protected":false},"author":2,"featured_media":19370,"comment_status":"closed","ping_status":"closed","sticky":false,"template":"","format":"standard","meta":{"footnotes":""},"categories":[1],"tags":[],"class_list":["post-19369","post","type-post","status-publish","format-standard","has-post-thumbnail","hentry","category-cronica"],"_links":{"self":[{"href":"https:\/\/www.radiopresidenteibanez.cl\/web\/wp-json\/wp\/v2\/posts\/19369","targetHints":{"allow":["GET"]}}],"collection":[{"href":"https:\/\/www.radiopresidenteibanez.cl\/web\/wp-json\/wp\/v2\/posts"}],"about":[{"href":"https:\/\/www.radiopresidenteibanez.cl\/web\/wp-json\/wp\/v2\/types\/post"}],"author":[{"embeddable":true,"href":"https:\/\/www.radiopresidenteibanez.cl\/web\/wp-json\/wp\/v2\/users\/2"}],"replies":[{"embeddable":true,"href":"https:\/\/www.radiopresidenteibanez.cl\/web\/wp-json\/wp\/v2\/comments?post=19369"}],"version-history":[{"count":0,"href":"https:\/\/www.radiopresidenteibanez.cl\/web\/wp-json\/wp\/v2\/posts\/19369\/revisions"}],"wp:featuredmedia":[{"embeddable":true,"href":"https:\/\/www.radiopresidenteibanez.cl\/web\/wp-json\/wp\/v2\/media\/19370"}],"wp:attachment":[{"href":"https:\/\/www.radiopresidenteibanez.cl\/web\/wp-json\/wp\/v2\/media?parent=19369"}],"wp:term":[{"taxonomy":"category","embeddable":true,"href":"https:\/\/www.radiopresidenteibanez.cl\/web\/wp-json\/wp\/v2\/categories?post=19369"},{"taxonomy":"post_tag","embeddable":true,"href":"https:\/\/www.radiopresidenteibanez.cl\/web\/wp-json\/wp\/v2\/tags?post=19369"}],"curies":[{"name":"wp","href":"https:\/\/api.w.org\/{rel}","templated":true}]}}