{"id":19362,"date":"2021-03-19T01:45:00","date_gmt":"2021-03-19T01:45:00","guid":{"rendered":"https:\/\/www.radiopresidenteibanez.cl\/web\/?p=19362"},"modified":"2021-03-18T20:43:52","modified_gmt":"2021-03-18T20:43:52","slug":"trabajadores-portuarios-reciben-segunda-dosis-de-vacuna-contra-el-covid-19-en-instalaciones-de-epaustral","status":"publish","type":"post","link":"https:\/\/www.radiopresidenteibanez.cl\/web\/trabajadores-portuarios-reciben-segunda-dosis-de-vacuna-contra-el-covid-19-en-instalaciones-de-epaustral\/","title":{"rendered":"TRABAJADORES PORTUARIOS RECIBEN SEGUNDA DOSIS DE VACUNA CONTRA EL COVID-19 EN INSTALACIONES DE EPAUSTRAL"},"content":{"rendered":"\n<p>En un operativo coordinado con el Servicio de Salud de Magallanes y el Instituto de Seguridad del Trabajo, se llev\u00f3 a cabo en la Sala de Pasajeros del Muelle Prat de Epaustral la aplicaci\u00f3n de la segunda dosis de la vacuna contra el Covid-19 a alrededor de 170 trabajadores portuarios.&nbsp;&nbsp;<\/p>\n\n\n\n<p>De esta manera, la Empresa Portuaria Austral realiz\u00f3 el proceso de vacunaci\u00f3n de un primer grupo de trabajadores y trabajadoras considerado esencial en el marco de su actividad, pues se han mantenido en permanente operaci\u00f3n desde el inicio de la emergencia sanitaria, permitiendo la continuidad de los servicios de abastecimiento y conectividad en todos los puntos del territorio magall\u00e1nico.&nbsp;<\/p>\n\n\n\n<p>Paralelamente, se realiz\u00f3 la vacunaci\u00f3n del personal de Epaustral que se desempe\u00f1a en Puerto Natales y se espera en los pr\u00f3ximos d\u00edas incorporar a este operativo sanitario a los trabajadores que prestan servicios en Porvenir y Puerto Williams.&nbsp;<\/p>\n\n\n\n<p>Asimismo, la empresa puso a disposici\u00f3n de las autoridades de salud la Sala de Pasajeros del Muelle Prat para efectuar la inoculaci\u00f3n de los trabajadores de la pesca artesanal, quienes est\u00e1n recibiendo la primera dosis de la vacuna. As\u00ed, durante la jornada de este jueves 18 de marzo se acercaron al recinto alrededor de 60 personas, gracias a la coordinaci\u00f3n entre la Armada, Sernapesca y la Seremi de Econom\u00eda.&nbsp;<\/p>\n\n\n\n<p>La Empresa Portuaria Austral reitera el llamado a la comunidad mar\u00edtimo portuaria a mantener las medidas de autocuidado, empleando permanentemente los elementos de protecci\u00f3n sanitaria indicados por las autoridades, con el fin de abordar el paso a Fase 3 en Punta Arenas de manera segura para todos sus trabajadores y usuarios.&nbsp;&nbsp;&nbsp;&nbsp;&nbsp;&nbsp;&nbsp;<br><\/p>\n","protected":false},"excerpt":{"rendered":"<p>En un operativo coordinado con el Servicio de Salud de Magallanes y el Instituto de Seguridad del Trabajo, se llev\u00f3 a cabo en la Sala de Pasajeros del Muelle Prat&#8230; <a class=\"read-more\" href=\"https:\/\/www.radiopresidenteibanez.cl\/web\/trabajadores-portuarios-reciben-segunda-dosis-de-vacuna-contra-el-covid-19-en-instalaciones-de-epaustral\/\">Leer m\u00e1s<\/a><\/p>\n","protected":false},"author":2,"featured_media":19363,"comment_status":"closed","ping_status":"closed","sticky":false,"template":"","format":"standard","meta":{"footnotes":""},"categories":[1],"tags":[],"class_list":["post-19362","post","type-post","status-publish","format-standard","has-post-thumbnail","hentry","category-cronica"],"_links":{"self":[{"href":"https:\/\/www.radiopresidenteibanez.cl\/web\/wp-json\/wp\/v2\/posts\/19362","targetHints":{"allow":["GET"]}}],"collection":[{"href":"https:\/\/www.radiopresidenteibanez.cl\/web\/wp-json\/wp\/v2\/posts"}],"about":[{"href":"https:\/\/www.radiopresidenteibanez.cl\/web\/wp-json\/wp\/v2\/types\/post"}],"author":[{"embeddable":true,"href":"https:\/\/www.radiopresidenteibanez.cl\/web\/wp-json\/wp\/v2\/users\/2"}],"replies":[{"embeddable":true,"href":"https:\/\/www.radiopresidenteibanez.cl\/web\/wp-json\/wp\/v2\/comments?post=19362"}],"version-history":[{"count":0,"href":"https:\/\/www.radiopresidenteibanez.cl\/web\/wp-json\/wp\/v2\/posts\/19362\/revisions"}],"wp:featuredmedia":[{"embeddable":true,"href":"https:\/\/www.radiopresidenteibanez.cl\/web\/wp-json\/wp\/v2\/media\/19363"}],"wp:attachment":[{"href":"https:\/\/www.radiopresidenteibanez.cl\/web\/wp-json\/wp\/v2\/media?parent=19362"}],"wp:term":[{"taxonomy":"category","embeddable":true,"href":"https:\/\/www.radiopresidenteibanez.cl\/web\/wp-json\/wp\/v2\/categories?post=19362"},{"taxonomy":"post_tag","embeddable":true,"href":"https:\/\/www.radiopresidenteibanez.cl\/web\/wp-json\/wp\/v2\/tags?post=19362"}],"curies":[{"name":"wp","href":"https:\/\/api.w.org\/{rel}","templated":true}]}}