{"id":19351,"date":"2021-03-19T02:45:00","date_gmt":"2021-03-19T02:45:00","guid":{"rendered":"https:\/\/www.radiopresidenteibanez.cl\/web\/?p=19351"},"modified":"2021-03-18T19:07:26","modified_gmt":"2021-03-18T19:07:26","slug":"sernapesca-incauta-centolla-avaluada-en-mas-de-2-millones-de-pesos","status":"publish","type":"post","link":"https:\/\/www.radiopresidenteibanez.cl\/web\/sernapesca-incauta-centolla-avaluada-en-mas-de-2-millones-de-pesos\/","title":{"rendered":"SERNAPESCA INCAUTA CENTOLLA AVALUADA EN M\u00c1S DE 2 MILLONES DE PESOS"},"content":{"rendered":"\n<p>Funcionarios del Servicio Nacional de Pesca y Acuicultura (Sernapesca) de la oficina de Porvenir, ubicada en Tierra del Fuego, regi\u00f3n de Magallanes, fueron alertados por Carabineros de la tenencia de Cerro Sombrero tras detectar transporte de 223,56 kilos de carne de centolla, equivalente a 894,24 kilos del recurso en estado vivo, sin la documentaci\u00f3n que acredite su origen legal.&nbsp;<\/p>\n\n\n\n<p>Al llegar al lugar, a 120 km de distancia, los funcionarios de Sernapesca corroboraron la informaci\u00f3n y procedieron a incautar el total del recurso, avaluado en $2.235.600-. Cabe destacar que Carabineros curs\u00f3 una infracci\u00f3n por abigeato, ya que el infractor tambi\u00e9n transportaba carne de cordero de origen ilegal.&nbsp;<\/p>\n\n\n\n<p>\u201cLuego de las pericias realizadas al recurso incautado, pudimos determinar que se trataba de centollas hembras, por la presencia de huevos, la cual se encuentra en veda permanente. Es por esta raz\u00f3n que presentaremos los antecedentes al Ministerio P\u00fablico, ya que la extracci\u00f3n de hembras genera un grave da\u00f1o a la sustentabilidad de este recurso emblem\u00e1tico para nuestra regi\u00f3n,\u201d asegur\u00f3 el Director Regional de Sernapesca Magallanes, Patricio D\u00edaz.<\/p>\n\n\n\n<p>Sernapesca hace un llamado a la comunidad a consumir productos del mar que est\u00e9n debidamente acreditados, con el objetivo de proteger los recursos del mar y el trabajo que realizan miles de personas que viven del mar y que lo hacen de manera legal. El n\u00famero&nbsp;800 320 032&nbsp;de denuncias de Sernapesca funciona las 24 horas.<\/p>\n","protected":false},"excerpt":{"rendered":"<p>Funcionarios del Servicio Nacional de Pesca y Acuicultura (Sernapesca) de la oficina de Porvenir, ubicada en Tierra del Fuego, regi\u00f3n de Magallanes, fueron alertados por Carabineros de la tenencia de&#8230; <a class=\"read-more\" href=\"https:\/\/www.radiopresidenteibanez.cl\/web\/sernapesca-incauta-centolla-avaluada-en-mas-de-2-millones-de-pesos\/\">Leer m\u00e1s<\/a><\/p>\n","protected":false},"author":2,"featured_media":19352,"comment_status":"closed","ping_status":"closed","sticky":false,"template":"","format":"standard","meta":{"footnotes":""},"categories":[1],"tags":[],"class_list":["post-19351","post","type-post","status-publish","format-standard","has-post-thumbnail","hentry","category-cronica"],"_links":{"self":[{"href":"https:\/\/www.radiopresidenteibanez.cl\/web\/wp-json\/wp\/v2\/posts\/19351","targetHints":{"allow":["GET"]}}],"collection":[{"href":"https:\/\/www.radiopresidenteibanez.cl\/web\/wp-json\/wp\/v2\/posts"}],"about":[{"href":"https:\/\/www.radiopresidenteibanez.cl\/web\/wp-json\/wp\/v2\/types\/post"}],"author":[{"embeddable":true,"href":"https:\/\/www.radiopresidenteibanez.cl\/web\/wp-json\/wp\/v2\/users\/2"}],"replies":[{"embeddable":true,"href":"https:\/\/www.radiopresidenteibanez.cl\/web\/wp-json\/wp\/v2\/comments?post=19351"}],"version-history":[{"count":0,"href":"https:\/\/www.radiopresidenteibanez.cl\/web\/wp-json\/wp\/v2\/posts\/19351\/revisions"}],"wp:featuredmedia":[{"embeddable":true,"href":"https:\/\/www.radiopresidenteibanez.cl\/web\/wp-json\/wp\/v2\/media\/19352"}],"wp:attachment":[{"href":"https:\/\/www.radiopresidenteibanez.cl\/web\/wp-json\/wp\/v2\/media?parent=19351"}],"wp:term":[{"taxonomy":"category","embeddable":true,"href":"https:\/\/www.radiopresidenteibanez.cl\/web\/wp-json\/wp\/v2\/categories?post=19351"},{"taxonomy":"post_tag","embeddable":true,"href":"https:\/\/www.radiopresidenteibanez.cl\/web\/wp-json\/wp\/v2\/tags?post=19351"}],"curies":[{"name":"wp","href":"https:\/\/api.w.org\/{rel}","templated":true}]}}