{"id":19345,"date":"2021-03-19T02:15:00","date_gmt":"2021-03-19T02:15:00","guid":{"rendered":"https:\/\/www.radiopresidenteibanez.cl\/web\/?p=19345"},"modified":"2021-03-18T19:01:12","modified_gmt":"2021-03-18T19:01:12","slug":"gobernacion-de-magallanes-llama-a-no-confiar-en-intermediarios-para-tramites-de-extranjeria","status":"publish","type":"post","link":"https:\/\/www.radiopresidenteibanez.cl\/web\/gobernacion-de-magallanes-llama-a-no-confiar-en-intermediarios-para-tramites-de-extranjeria\/","title":{"rendered":"GOBERNACI\u00d3N DE MAGALLANES LLAMA A NO CONFIAR EN INTERMEDIARIOS PARA TR\u00c1MITES DE EXTRANJER\u00cdA"},"content":{"rendered":"\n<p>El gobernador\nde la provincia de Magallanes, Alejandro V\u00e1squez, realiz\u00f3 un importante llamado\na la comunidad migrante residente en Magallanes, debido a que varias personas\nse han acercado a las dependencias gubernamentales, indicando que mediante\nwhatsapp o redes sociales, se han contactado con personas que se identifican\ncomo funcionarios de la gobernaci\u00f3n, pero que cobran por la realizaci\u00f3n de\ntr\u00e1mites fuera del horario laboral.<\/p>\n\n\n\n<p>\u201cQueremos ser\nclaros, en que las personas que est\u00e1n prestando este servicio por medio de las\nredes sociales, no pertenecen a la gobernaci\u00f3n provincial, menos a\u00fan al\ndepartamento de Extranjer\u00eda, donde s\u00f3lo trabajan dos funcionarios, Claudia\nStappung encargada y Jorge Colivoro profesional de apoyo\u201d, detall\u00f3 el\nGobernador V\u00e1squez. <\/p>\n\n\n\n<p>El llamado es\na no pagar, estos tr\u00e1mites se pueden hacer totalmente gratis a trav\u00e9s de la web\nde Extranjer\u00eda y en el caso de existir dudas y requieran solucionarlas de forma\npresencial, igualmente se debe solicitar hora, de forma electr\u00f3nica en: <a href=\"https:\/\/reservahora.extranjeria.gob.cl\/ingreso\">https:\/\/reservahora.extranjeria.gob.cl\/ingreso<\/a>.\nLa p\u00e1gina de forma autom\u00e1tica selecciona la regi\u00f3n Metropolitana, pero al hacer\nclick en el link, podr\u00e1 seleccionar la regi\u00f3n correspondiente.<\/p>\n\n\n\n<p>Todos los\ntr\u00e1mites referentes a Extranjer\u00eda y Migraciones, se realizan mediante la\np\u00e1gina: <a href=\"https:\/\/www.extranjeria.gob.cl\/\">https:\/\/www.extranjeria.gob.cl\/<\/a> y\nen el caso de existir cobros relacionados con visados o multas, son evaluados\nseg\u00fan las particularidades de quien lo solicita y de acuerdo al pa\u00eds de\nprocedencia. Los pagos que genera Extranjer\u00eda por concepto de permisos de\ntrabajo y visas, se pagan mediante una orden de pago en cualquier banco.<\/p>\n\n\n\n<p>Las citas se\npueden&nbsp; solicitar solo estando\nregistrados con un correo electr\u00f3nico, no se necesita clave \u00fanica.<\/p>\n","protected":false},"excerpt":{"rendered":"<p>El gobernador de la provincia de Magallanes, Alejandro V\u00e1squez, realiz\u00f3 un importante llamado a la comunidad migrante residente en Magallanes, debido a que varias personas se han acercado a las&#8230; <a class=\"read-more\" href=\"https:\/\/www.radiopresidenteibanez.cl\/web\/gobernacion-de-magallanes-llama-a-no-confiar-en-intermediarios-para-tramites-de-extranjeria\/\">Leer m\u00e1s<\/a><\/p>\n","protected":false},"author":2,"featured_media":19346,"comment_status":"closed","ping_status":"closed","sticky":false,"template":"","format":"standard","meta":{"footnotes":""},"categories":[1],"tags":[],"class_list":["post-19345","post","type-post","status-publish","format-standard","has-post-thumbnail","hentry","category-cronica"],"_links":{"self":[{"href":"https:\/\/www.radiopresidenteibanez.cl\/web\/wp-json\/wp\/v2\/posts\/19345","targetHints":{"allow":["GET"]}}],"collection":[{"href":"https:\/\/www.radiopresidenteibanez.cl\/web\/wp-json\/wp\/v2\/posts"}],"about":[{"href":"https:\/\/www.radiopresidenteibanez.cl\/web\/wp-json\/wp\/v2\/types\/post"}],"author":[{"embeddable":true,"href":"https:\/\/www.radiopresidenteibanez.cl\/web\/wp-json\/wp\/v2\/users\/2"}],"replies":[{"embeddable":true,"href":"https:\/\/www.radiopresidenteibanez.cl\/web\/wp-json\/wp\/v2\/comments?post=19345"}],"version-history":[{"count":0,"href":"https:\/\/www.radiopresidenteibanez.cl\/web\/wp-json\/wp\/v2\/posts\/19345\/revisions"}],"wp:featuredmedia":[{"embeddable":true,"href":"https:\/\/www.radiopresidenteibanez.cl\/web\/wp-json\/wp\/v2\/media\/19346"}],"wp:attachment":[{"href":"https:\/\/www.radiopresidenteibanez.cl\/web\/wp-json\/wp\/v2\/media?parent=19345"}],"wp:term":[{"taxonomy":"category","embeddable":true,"href":"https:\/\/www.radiopresidenteibanez.cl\/web\/wp-json\/wp\/v2\/categories?post=19345"},{"taxonomy":"post_tag","embeddable":true,"href":"https:\/\/www.radiopresidenteibanez.cl\/web\/wp-json\/wp\/v2\/tags?post=19345"}],"curies":[{"name":"wp","href":"https:\/\/api.w.org\/{rel}","templated":true}]}}