{"id":19337,"date":"2021-03-18T18:49:13","date_gmt":"2021-03-18T18:49:13","guid":{"rendered":"https:\/\/www.radiopresidenteibanez.cl\/web\/?p=19337"},"modified":"2021-03-18T18:49:22","modified_gmt":"2021-03-18T18:49:22","slug":"5-anos-y-un-dia-de-carcel-por-robar-especies-de-supermercado","status":"publish","type":"post","link":"https:\/\/www.radiopresidenteibanez.cl\/web\/5-anos-y-un-dia-de-carcel-por-robar-especies-de-supermercado\/","title":{"rendered":"5 A\u00d1OS Y UN D\u00cdA DE C\u00c1RCEL POR ROBAR ESPECIES DE SUPERMERCADO"},"content":{"rendered":"\n<p>Como autor del delito de robo con violencia, en grado de consumado, hoy en juicio oral fue condenado Luis Fernando Astudillo Henr\u00edquez a la pena de 5 a\u00f1os y un d\u00eda de presidio efectivo. Cabe recordar que durante el juicio, efectuado la semana pasada, \u00a0el Fiscal Oliver Rammsy, acredit\u00f3 que el delito se perpetr\u00f3 la ma\u00f1ana del 5 de septiembre de 2019, cuando el acusado concurri\u00f3 hasta el local comercial Unimarc ubicado en Ignacio Zenteno N\u00ba 0164 de la comuna de Punta Arenas y se apropi\u00f3 de carne envasada avaluada en un total de $156.005, la que ocult\u00f3 en sus vestimenta, para luego traspasar el lineal de cajas sin cancelar los productos agrediendo al guardia de seguridad del supermercado cuando lo intent\u00f3 detener, provoc\u00e1ndole lesiones de car\u00e1cter leve, consistente en herida superficial cortante en hombro izquierdo, como tambi\u00e9n da\u00f1os al lugar.  <\/p>\n","protected":false},"excerpt":{"rendered":"<p>Como autor del delito de robo con violencia, en grado de consumado, hoy en juicio oral fue condenado Luis Fernando Astudillo Henr\u00edquez a la pena de 5 a\u00f1os y un&#8230; <a class=\"read-more\" href=\"https:\/\/www.radiopresidenteibanez.cl\/web\/5-anos-y-un-dia-de-carcel-por-robar-especies-de-supermercado\/\">Leer m\u00e1s<\/a><\/p>\n","protected":false},"author":2,"featured_media":19338,"comment_status":"closed","ping_status":"closed","sticky":false,"template":"","format":"standard","meta":{"footnotes":""},"categories":[6],"tags":[],"class_list":["post-19337","post","type-post","status-publish","format-standard","has-post-thumbnail","hentry","category-policial"],"_links":{"self":[{"href":"https:\/\/www.radiopresidenteibanez.cl\/web\/wp-json\/wp\/v2\/posts\/19337","targetHints":{"allow":["GET"]}}],"collection":[{"href":"https:\/\/www.radiopresidenteibanez.cl\/web\/wp-json\/wp\/v2\/posts"}],"about":[{"href":"https:\/\/www.radiopresidenteibanez.cl\/web\/wp-json\/wp\/v2\/types\/post"}],"author":[{"embeddable":true,"href":"https:\/\/www.radiopresidenteibanez.cl\/web\/wp-json\/wp\/v2\/users\/2"}],"replies":[{"embeddable":true,"href":"https:\/\/www.radiopresidenteibanez.cl\/web\/wp-json\/wp\/v2\/comments?post=19337"}],"version-history":[{"count":0,"href":"https:\/\/www.radiopresidenteibanez.cl\/web\/wp-json\/wp\/v2\/posts\/19337\/revisions"}],"wp:featuredmedia":[{"embeddable":true,"href":"https:\/\/www.radiopresidenteibanez.cl\/web\/wp-json\/wp\/v2\/media\/19338"}],"wp:attachment":[{"href":"https:\/\/www.radiopresidenteibanez.cl\/web\/wp-json\/wp\/v2\/media?parent=19337"}],"wp:term":[{"taxonomy":"category","embeddable":true,"href":"https:\/\/www.radiopresidenteibanez.cl\/web\/wp-json\/wp\/v2\/categories?post=19337"},{"taxonomy":"post_tag","embeddable":true,"href":"https:\/\/www.radiopresidenteibanez.cl\/web\/wp-json\/wp\/v2\/tags?post=19337"}],"curies":[{"name":"wp","href":"https:\/\/api.w.org\/{rel}","templated":true}]}}