{"id":19325,"date":"2021-03-18T14:53:48","date_gmt":"2021-03-18T14:53:48","guid":{"rendered":"https:\/\/www.radiopresidenteibanez.cl\/web\/?p=19325"},"modified":"2021-03-18T14:53:53","modified_gmt":"2021-03-18T14:53:53","slug":"injuv-lanza-convocatoria-para-financiar-ideas-de-innovacion-social-en-magallanes","status":"publish","type":"post","link":"https:\/\/www.radiopresidenteibanez.cl\/web\/injuv-lanza-convocatoria-para-financiar-ideas-de-innovacion-social-en-magallanes\/","title":{"rendered":"INJUV LANZA CONVOCATORIA PARA FINANCIAR IDEAS DE INNOVACI\u00d3N SOCIAL EN MAGALLANES"},"content":{"rendered":"\n<p>Con el objetivo de fomentar la participaci\u00f3n de los j\u00f3venes en su comunidad el Instituto Nacional de la Juventud (INJUV), dependiente del Ministerio de Desarrollo Social y Familia, lanz\u00f3 la convocatoria del programa Creamos, que busca financiar ideas innovadoras que generen cambios a peque\u00f1a y mediana escala, frente a los problemas que afectan al entorno.<\/p>\n\n\n\n<p>Todo esto a trav\u00e9s de la innovaci\u00f3n social, una forma de generar valor para la sociedad a trav\u00e9s de un producto, servicio o proceso novedoso que responda a una necesidad. Por ello, el programa no est\u00e1 dirigido a emprendimientos con fines comerciales.<\/p>\n\n\n\n<p>Las personas seleccionadas acceder\u00e1n a un plan de formaci\u00f3n en liderazgo, que considera cursos en l\u00ednea, mentor\u00edas y conversatorios. Al finalizar el proceso podr\u00e1n postular al financiamiento de su proyecto por un monto de $2.000.000.<\/p>\n\n\n\n<p>Para la Directora Nacional de INJUV, Renata Santander, \u201cel programa Creamos tiene un fuerte \u00e9nfasis territorial, ya que busca que las y los j\u00f3venes sean capaces de identificar los problemas de sus comunidades, dise\u00f1ar propuestas que apunten a solucionarlos y, a su vez, entregarles recursos no s\u00f3lo materiales, sino que tambi\u00e9n de capacidades para que puedan sacar adelante los proyectos que quieren llevar a cabo\u201d.<\/p>\n\n\n\n<p>A su vez, la Seremi de Desarrollo Social y Familia de Magallanes y la Ant\u00e1rtica Chilena, Liz Casanueva, valor\u00f3 la participaci\u00f3n c\u00edvica del programa. \u201cCreemos que los j\u00f3venes deben ser reconocidos como agentes de cambio en la sociedad debido a sus capacidades de reflexi\u00f3n cr\u00edtica frente a los problemas de nuestro tiempo. Por ello, queremos que sean parte de este gran programa el cual finaliza su fase de postulaci\u00f3n el martes 30 de marzo, porque sabemos que en nuestra regi\u00f3n existen necesidades importantes que juntos podemos solucionar\u201d, afirm\u00f3.<\/p>\n\n\n\n<p>Tambi\u00e9n la ganadora de la versi\u00f3n 2020 de Magallanes, Natalia Mansilla, quiso contar su experiencia, se\u00f1alando que \u201cactualmente mi proyecto se encuentra en la fase de ejecuci\u00f3n, el cual consiste en la realizaci\u00f3n de visitas domiciliarias de atenci\u00f3n nutricional a adultos mayores de la localidad de R\u00edo Seco. Los invito a participar de esta gran oportunidad, donde aprender\u00e1n sobre formulaci\u00f3n de proyectos sociales, liderazgo, objetivos de desarrollo sostenible de la ONU, entre otros temas\u201d.<\/p>\n\n\n\n<p><strong>\u00bfQui\u00e9nes pueden postular?<\/strong><\/p>\n\n\n\n<p>J\u00f3venes que tengan entre 15 a 29 a\u00f1os al momento del cierre de la postulaci\u00f3n. No pueden participar personas jur\u00eddicas, sin embargo si la idea seleccionada representa a una organizaci\u00f3n, otras personas de dicha organizaci\u00f3n tambi\u00e9n podr\u00e1n participar en las actividades del programa.<\/p>\n\n\n\n<p><strong>\u00bfQu\u00e9 deben considerar las ideas que se postulen?<\/strong><\/p>\n\n\n\n<p>Las ideas deben tener un t\u00edtulo explicativo y una breve rese\u00f1a que explique el problema al que apunta y los objetivos que se proponen. Adem\u00e1s se espera que las ideas logren identificar a la poblaci\u00f3n que se intervendr\u00e1 con el proyecto de innovaci\u00f3n social.<\/p>\n\n\n\n<p><strong>\u00bfQu\u00e9 ofrece el programa?<\/strong><\/p>\n\n\n\n<p>Las personas seleccionadas podr\u00e1n optar a un financiamiento de $2 millones de pesos, adem\u00e1s de cursos de formaci\u00f3n en l\u00ednea disponibles en la plataforma CAMPUS INJUV, entre los que est\u00e1n:<\/p>\n\n\n\n<p>-\u201cLiderazgo para la innovaci\u00f3n social\u201d (obligatorio para la postulaci\u00f3n a financiamiento de proyectos de incidencia).<\/p>\n\n\n\n<p>-\u201cIntroducci\u00f3n a la gesti\u00f3n de proyectos sociales\u201d (obligatorio para la postulaci\u00f3n a financiamiento de proyectos de incidencia).<\/p>\n\n\n\n<p>-\u201cEnfoque de Derechos Humanos\u201d (optativo).<\/p>\n\n\n\n<p>-\u201cAgenda 2030 y desaf\u00edos socioambientales\u201d (optativo).<\/p>\n\n\n\n<p>Tambi\u00e9n contar\u00e1n con mentor\u00edas de l\u00edderes regionales y conversatorios participativos en los que se analizar\u00e1n los desaf\u00edos de sus comunidades y territorios.<\/p>\n\n\n\n<p><strong>\u00bfC\u00f3mo postular?<\/strong><\/p>\n\n\n\n<p>Las postulaciones se realizan a trav\u00e9s de la plataforma de Creamos en&nbsp;<a href=\"http:\/\/creamos.injuv.cl\/\" target=\"_blank\" rel=\"noreferrer noopener\">creamos.injuv.cl<\/a>&nbsp;hasta el 30 de marzo. Para conocer m\u00e1s de esta iniciativa te invitamos a revisar las bases del programa.<br><\/p>\n","protected":false},"excerpt":{"rendered":"<p>Con el objetivo de fomentar la participaci\u00f3n de los j\u00f3venes en su comunidad el Instituto Nacional de la Juventud (INJUV), dependiente del Ministerio de Desarrollo Social y Familia, lanz\u00f3 la&#8230; <a class=\"read-more\" href=\"https:\/\/www.radiopresidenteibanez.cl\/web\/injuv-lanza-convocatoria-para-financiar-ideas-de-innovacion-social-en-magallanes\/\">Leer m\u00e1s<\/a><\/p>\n","protected":false},"author":2,"featured_media":19326,"comment_status":"closed","ping_status":"closed","sticky":false,"template":"","format":"standard","meta":{"footnotes":""},"categories":[1],"tags":[],"class_list":["post-19325","post","type-post","status-publish","format-standard","has-post-thumbnail","hentry","category-cronica"],"_links":{"self":[{"href":"https:\/\/www.radiopresidenteibanez.cl\/web\/wp-json\/wp\/v2\/posts\/19325","targetHints":{"allow":["GET"]}}],"collection":[{"href":"https:\/\/www.radiopresidenteibanez.cl\/web\/wp-json\/wp\/v2\/posts"}],"about":[{"href":"https:\/\/www.radiopresidenteibanez.cl\/web\/wp-json\/wp\/v2\/types\/post"}],"author":[{"embeddable":true,"href":"https:\/\/www.radiopresidenteibanez.cl\/web\/wp-json\/wp\/v2\/users\/2"}],"replies":[{"embeddable":true,"href":"https:\/\/www.radiopresidenteibanez.cl\/web\/wp-json\/wp\/v2\/comments?post=19325"}],"version-history":[{"count":0,"href":"https:\/\/www.radiopresidenteibanez.cl\/web\/wp-json\/wp\/v2\/posts\/19325\/revisions"}],"wp:featuredmedia":[{"embeddable":true,"href":"https:\/\/www.radiopresidenteibanez.cl\/web\/wp-json\/wp\/v2\/media\/19326"}],"wp:attachment":[{"href":"https:\/\/www.radiopresidenteibanez.cl\/web\/wp-json\/wp\/v2\/media?parent=19325"}],"wp:term":[{"taxonomy":"category","embeddable":true,"href":"https:\/\/www.radiopresidenteibanez.cl\/web\/wp-json\/wp\/v2\/categories?post=19325"},{"taxonomy":"post_tag","embeddable":true,"href":"https:\/\/www.radiopresidenteibanez.cl\/web\/wp-json\/wp\/v2\/tags?post=19325"}],"curies":[{"name":"wp","href":"https:\/\/api.w.org\/{rel}","templated":true}]}}