{"id":19320,"date":"2021-03-18T14:49:56","date_gmt":"2021-03-18T14:49:56","guid":{"rendered":"https:\/\/www.radiopresidenteibanez.cl\/web\/?p=19320"},"modified":"2021-03-18T14:50:01","modified_gmt":"2021-03-18T14:50:01","slug":"continua-vacunacion-a-trabajadores-del-transporte-en-zona-franca","status":"publish","type":"post","link":"https:\/\/www.radiopresidenteibanez.cl\/web\/continua-vacunacion-a-trabajadores-del-transporte-en-zona-franca\/","title":{"rendered":"CONTIN\u00daA VACUNACI\u00d3N A TRABAJADORES DEL TRANSPORTE EN ZONA FRANCA"},"content":{"rendered":"\n<p>En los tres primeros d\u00edas se vacunaron\nm\u00e1s de 650 trabajadores del sector Transporte en el m\u00f3dulo central de la Zona\nFranca. As\u00ed lo dio a conocer el seremi de la cartera, Marco Mella B\u00f3rquez. La\nautoridad regional hizo el llamado para que todas y todos quienes se desempe\u00f1en\nen este \u00e1mbito no se queden fuera del proceso y se acerquen al recinto franco.<\/p>\n\n\n\n<p>Desde las 11 y hasta las 16 horas\nhoy jueves y viernes se continuar\u00e1 con el proceso de inoculaci\u00f3n de la primera\ndosis para los trabajadores de las empresas a\u00e9reas, terrestres o mar\u00edtimas. Al\nllegar al hall central de Zona Austral, se debe acreditar la condici\u00f3n laboral\nen el sector, documentos que son revisados por funcionarios de la secretar\u00eda\nregional de Transportes y Telecomunicaciones para agilizar el proceso. <\/p>\n\n\n\n<p>\u201cYa han acudido conductores de buses,\nminibuses, taxicolectivos, taxis b\u00e1sicos, transporte escolar, mar\u00edtimo como es\nel caso de los capitanes de barcazas, tripulantes, personal de apoyo y todos\nquienes trabajan en el aeropuerto y l\u00edneas a\u00e9reas\u201d, coment\u00f3 Mella.<\/p>\n\n\n\n<p>Vale recordar que aquellos\ntrabajadores que ya recibieron la vacuna por tramo de edad o por condici\u00f3n\ncr\u00f3nica de salud, deben seguir con su proceso seg\u00fan lo establecido para sus\ncasos particulares en el mismo recinto donde recibieron la primera dosis. <\/p>\n\n\n\n<p>\u201cEn Zona Austral no se est\u00e1n\nrealizando segundas dosis\u201d remarc\u00f3 el seremi, agradeciendo el apoyo entregado\npor el recinto comercial al proceso y la labor desarrollada por los\nprofesionales del Instituto de Seguridad del Trabajo IST. <\/p>\n","protected":false},"excerpt":{"rendered":"<p>En los tres primeros d\u00edas se vacunaron m\u00e1s de 650 trabajadores del sector Transporte en el m\u00f3dulo central de la Zona Franca. As\u00ed lo dio a conocer el seremi de&#8230; <a class=\"read-more\" href=\"https:\/\/www.radiopresidenteibanez.cl\/web\/continua-vacunacion-a-trabajadores-del-transporte-en-zona-franca\/\">Leer m\u00e1s<\/a><\/p>\n","protected":false},"author":2,"featured_media":19321,"comment_status":"closed","ping_status":"closed","sticky":false,"template":"","format":"standard","meta":{"footnotes":""},"categories":[1],"tags":[],"class_list":["post-19320","post","type-post","status-publish","format-standard","has-post-thumbnail","hentry","category-cronica"],"_links":{"self":[{"href":"https:\/\/www.radiopresidenteibanez.cl\/web\/wp-json\/wp\/v2\/posts\/19320","targetHints":{"allow":["GET"]}}],"collection":[{"href":"https:\/\/www.radiopresidenteibanez.cl\/web\/wp-json\/wp\/v2\/posts"}],"about":[{"href":"https:\/\/www.radiopresidenteibanez.cl\/web\/wp-json\/wp\/v2\/types\/post"}],"author":[{"embeddable":true,"href":"https:\/\/www.radiopresidenteibanez.cl\/web\/wp-json\/wp\/v2\/users\/2"}],"replies":[{"embeddable":true,"href":"https:\/\/www.radiopresidenteibanez.cl\/web\/wp-json\/wp\/v2\/comments?post=19320"}],"version-history":[{"count":0,"href":"https:\/\/www.radiopresidenteibanez.cl\/web\/wp-json\/wp\/v2\/posts\/19320\/revisions"}],"wp:featuredmedia":[{"embeddable":true,"href":"https:\/\/www.radiopresidenteibanez.cl\/web\/wp-json\/wp\/v2\/media\/19321"}],"wp:attachment":[{"href":"https:\/\/www.radiopresidenteibanez.cl\/web\/wp-json\/wp\/v2\/media?parent=19320"}],"wp:term":[{"taxonomy":"category","embeddable":true,"href":"https:\/\/www.radiopresidenteibanez.cl\/web\/wp-json\/wp\/v2\/categories?post=19320"},{"taxonomy":"post_tag","embeddable":true,"href":"https:\/\/www.radiopresidenteibanez.cl\/web\/wp-json\/wp\/v2\/tags?post=19320"}],"curies":[{"name":"wp","href":"https:\/\/api.w.org\/{rel}","templated":true}]}}