{"id":19314,"date":"2021-03-17T15:48:06","date_gmt":"2021-03-17T15:48:06","guid":{"rendered":"https:\/\/www.radiopresidenteibanez.cl\/web\/?p=19314"},"modified":"2021-03-17T15:48:12","modified_gmt":"2021-03-17T15:48:12","slug":"gobierno-pone-en-marcha-observatorio-de-cambio-climatico","status":"publish","type":"post","link":"https:\/\/www.radiopresidenteibanez.cl\/web\/gobierno-pone-en-marcha-observatorio-de-cambio-climatico\/","title":{"rendered":"GOBIERNO PONE EN MARCHA OBSERVATORIO DE CAMBIO CLIM\u00c1TICO"},"content":{"rendered":"\n<p>\u201cEste proyecto es un aporte de Chile al combate global contra el cambio clim\u00e1tico y estamos seguros de que una iniciativa de esta naturaleza va a tener una extraordinaria acogida en la comunidad internacional\u201d. Con estas palabras el Canciller Andr\u00e9s Allamand se refiri\u00f3 a la puesta en marcha del Observatorio de Cambio Clim\u00e1tico.<\/p>\n\n\n\n<p>Este proyecto, anunciado durante el 56.\u00ba Consejo de Pol\u00edtica Ant\u00e1rtica, implica un trabajo colaborativo entre los ministerios de Relaciones Exteriores; Ciencia, Tecnolog\u00eda, Conocimiento e Innovaci\u00f3n; Medio Ambiente; Defensa y Transportes y Telecomunicaciones.<\/p>\n\n\n\n<p>La iniciativa busca instalar una red de sensores descentralizada \u2014desde Visviri por el norte, hasta la Ant\u00e1rtica por el sur, abarcando 8.000 km\u2014 que permitan entender, predecir y proyectar los efectos, riesgos y amenazas de los cambios en torno al ecosistema.<\/p>\n\n\n\n<p>La informaci\u00f3n recopilada brindar\u00e1 lo necesario para la formulaci\u00f3n de acciones de mitigaci\u00f3n y adaptaci\u00f3n necesarias para el futuro, tanto para Chile como el mundo.<\/p>\n\n\n\n<p>\u201cEl Observatorio aprovechar\u00e1 las ventajas de nuestro planeta \u2014y que Chile posee\u2014 para estar al tanto de algo sumamente necesario y urgente como es dar respuesta a nuestro compromiso permanente contra el cambio clim\u00e1tico\u201d, agreg\u00f3 el Ministro Andr\u00e9s Allamand y se\u00f1al\u00f3 que \u201ccon esto Chile reafirma su liderazgo en la materia\u201d.<\/p>\n\n\n\n<p>El desarrollo de la primera etapa de este proyecto permitir\u00e1 a Chile integrar, en una sola red, una gran red de sensores para la observaci\u00f3n del cambio clim\u00e1tico. Adem\u00e1s, se incorporar\u00e1 una estructura y gobernanza que permita su interoperabilidad, estandarizaci\u00f3n de datos y su apertura a las instituciones p\u00fablicas, privadas e internacionales a efectos que puedan dar un uso adecuado y suficiente a estos datos.<\/p>\n\n\n\n<p>El Ministro de Ciencia, Andr\u00e9s Couve, explic\u00f3 que \u201cel Observatorio de Cambio Clim\u00e1tico permitir\u00e1 disponibilizar datos clim\u00e1ticos con est\u00e1ndares interoperables. As\u00ed, desde el norte hasta la Ant\u00e1rtica, podremos contar \u2014por ejemplo\u2014 con informaci\u00f3n sobre temperaturas, precipitaciones, niveles del mar, niveles de las masas de hielo, radiaci\u00f3n solar, velocidad y direcci\u00f3n del viento, entre muchos otros\u201d.<\/p>\n\n\n\n<p>\u201cGracias a los datos aportados de sensores instalados a lo largo de nuestro pa\u00eds, que permitir\u00e1n aprovechar su ampl\u00edsima diversidad geogr\u00e1fica para contar con informaci\u00f3n integrada y generada participativamente desde los distintos territorios\u201d, agreg\u00f3 la Ministra del Medio Ambiente, Carolina Schmidt.<\/p>\n\n\n\n<p><strong>El cronograma<\/strong><\/p>\n\n\n\n<p>El primer paso para la implementaci\u00f3n del observatorio implica la instalaci\u00f3n de cinco sensores param\u00e9tricos que tendr\u00e1n como eje las bases ant\u00e1rticas chilenas a lo largo de la pen\u00ednsula Ant\u00e1rtica hasta el glaciar Uni\u00f3n (a solo 1.000 km del polo sur). El Instituto Ant\u00e1rtico Chileno, organismo dependiente del Ministerio de Relaciones Exteriores, ser\u00e1 el encargado en esta primera etapa. \u201cInstalar estaciones de monitoreo en remotas \u00e1reas de la Ant\u00e1rtica representa un gran desaf\u00edo log\u00edstico y tecnol\u00f3gico, absolutamente abordable t\u00e9cnicamente por el capital humano nacional. Con esto se inicia una nueva etapa para la ciencia ant\u00e1rtica chilena, al servicio m\u00e1s que nunca al presente y futuro soberano del pa\u00eds\u201d, afirm\u00f3 el director del INACH, Dr. Marcelo Leppe, al t\u00e9rmino de su intervenci\u00f3n.<\/p>\n\n\n\n<p>En segundo lugar, el Ministerio de Ciencia, Tecnolog\u00eda, Conocimiento e Innovaci\u00f3n se encargar\u00e1 del desarrollo de la red de sensores a nivel nacional y que sea capaz de recopilar la informaci\u00f3n, como el establecimiento de una serie est\u00e1ndares que permitan la creaci\u00f3n de una red de datos abiertos.<\/p>\n\n\n\n<p>A nivel t\u00e9cnico, se instalar\u00e1 un laboratorio de datos que re\u00fana y abra la informaci\u00f3n de aspectos relevantes para el cambio clim\u00e1tico y que son prioritarios para el monitoreo, garant\u00edas de continuidad en la disponibilidad de los datos, adecuaci\u00f3n de los datos y metadatos a est\u00e1ndares internacionales interoperables.<\/p>\n\n\n\n<p>La instalaci\u00f3n de los sensores tendr\u00e1 un costo anual de $605 millones y $420 millones en mantenimiento. Mientras que la parte t\u00e9cnica y el manejo de los datos de $400 millones anuales.<\/p>\n\n\n\n<p>En total, proyectado a 10 a\u00f1os, el costo del proyecto se estima en torno a los $8.755 millones.<\/p>\n\n\n\n<p><strong><a href=\"http:\/\/www.inach.cl\/\" target=\"_blank\" rel=\"noreferrer noopener\">WWW.INACH.CL<\/a><\/strong><br><\/p>\n","protected":false},"excerpt":{"rendered":"<p>\u201cEste proyecto es un aporte de Chile al combate global contra el cambio clim\u00e1tico y estamos seguros de que una iniciativa de esta naturaleza va a tener una extraordinaria acogida&#8230; <a class=\"read-more\" href=\"https:\/\/www.radiopresidenteibanez.cl\/web\/gobierno-pone-en-marcha-observatorio-de-cambio-climatico\/\">Leer m\u00e1s<\/a><\/p>\n","protected":false},"author":2,"featured_media":19315,"comment_status":"closed","ping_status":"closed","sticky":false,"template":"","format":"standard","meta":{"footnotes":""},"categories":[1],"tags":[],"class_list":["post-19314","post","type-post","status-publish","format-standard","has-post-thumbnail","hentry","category-cronica"],"_links":{"self":[{"href":"https:\/\/www.radiopresidenteibanez.cl\/web\/wp-json\/wp\/v2\/posts\/19314","targetHints":{"allow":["GET"]}}],"collection":[{"href":"https:\/\/www.radiopresidenteibanez.cl\/web\/wp-json\/wp\/v2\/posts"}],"about":[{"href":"https:\/\/www.radiopresidenteibanez.cl\/web\/wp-json\/wp\/v2\/types\/post"}],"author":[{"embeddable":true,"href":"https:\/\/www.radiopresidenteibanez.cl\/web\/wp-json\/wp\/v2\/users\/2"}],"replies":[{"embeddable":true,"href":"https:\/\/www.radiopresidenteibanez.cl\/web\/wp-json\/wp\/v2\/comments?post=19314"}],"version-history":[{"count":0,"href":"https:\/\/www.radiopresidenteibanez.cl\/web\/wp-json\/wp\/v2\/posts\/19314\/revisions"}],"wp:featuredmedia":[{"embeddable":true,"href":"https:\/\/www.radiopresidenteibanez.cl\/web\/wp-json\/wp\/v2\/media\/19315"}],"wp:attachment":[{"href":"https:\/\/www.radiopresidenteibanez.cl\/web\/wp-json\/wp\/v2\/media?parent=19314"}],"wp:term":[{"taxonomy":"category","embeddable":true,"href":"https:\/\/www.radiopresidenteibanez.cl\/web\/wp-json\/wp\/v2\/categories?post=19314"},{"taxonomy":"post_tag","embeddable":true,"href":"https:\/\/www.radiopresidenteibanez.cl\/web\/wp-json\/wp\/v2\/tags?post=19314"}],"curies":[{"name":"wp","href":"https:\/\/api.w.org\/{rel}","templated":true}]}}