{"id":19311,"date":"2021-03-17T15:45:19","date_gmt":"2021-03-17T15:45:19","guid":{"rendered":"https:\/\/www.radiopresidenteibanez.cl\/web\/?p=19311"},"modified":"2021-03-17T15:45:24","modified_gmt":"2021-03-17T15:45:24","slug":"autoridad-maritima-y-personal-de-salud-realizaron-fiscalizacion-a-centro-de-cultivo-en-canal-valdes","status":"publish","type":"post","link":"https:\/\/www.radiopresidenteibanez.cl\/web\/autoridad-maritima-y-personal-de-salud-realizaron-fiscalizacion-a-centro-de-cultivo-en-canal-valdes\/","title":{"rendered":"AUTORIDAD MAR\u00cdTIMA Y PERSONAL DE SALUD REALIZARON FISCALIZACI\u00d3N A CENTRO DE CULTIVO EN CANAL VALD\u00c9S"},"content":{"rendered":"\n<p>Durante la jornada del d\u00eda lunes 15 de Marzo, la Capitan\u00eda de Puerto de Puerto Natales realiz\u00f3 una fiscalizaci\u00f3n conjunta con el personal de la Seremi de Salud de \u00daltima Esperanza al Centro de Cultivo \u201cMorgan\u201d, perteneciente a la empresa Australis Mar, ubicado en sector de Canal Vald\u00e9s, con el objetivo de verificar las medidas sanitarias implementadas para minimizar los contagios de los trabajadores producto del Covid-19.<\/p>\n\n\n\n<p>El operativo se enmarca dentro de los distintos programas de fiscalizaci\u00f3n que se han llevado a cabo durante el per\u00edodo de pandemia, donde tanto el personal de la Armada de Chile como del Servicio de Salud, han debido llevar a cabo diversas fiscalizaciones, tanto a bordo como en tierra, con el prop\u00f3sito de contribuir a contener la tasa de contagios en la Provincia de \u00daltima Esperanza.<\/p>\n\n\n\n<p>La Capitan\u00eda de Puerto de Puerto Natales, hace un llamado a las empresas mar\u00edtimas, operarios y personal embarcado a seguir tomando las medidas de resguardo y la correcta utilizaci\u00f3n de los elementos de protecci\u00f3n personal asociados,&nbsp; toda vez que se continuar\u00e1 realizando fiscalizaciones conjuntas y en forma aleatoria.<\/p>\n\n\n\n<p>De esta manera la Instituci\u00f3n se mantiene en diferentes actividades tendientes al desarrollo de tareas vinculadas al actual contexto de emergencia sanitaria, dentro de las diferentes acciones vinculadas al \u00e1rea de misi\u00f3n de Emergencia Nacional y Protecci\u00f3n Civil.<\/p>\n","protected":false},"excerpt":{"rendered":"<p>Durante la jornada del d\u00eda lunes 15 de Marzo, la Capitan\u00eda de Puerto de Puerto Natales realiz\u00f3 una fiscalizaci\u00f3n conjunta con el personal de la Seremi de Salud de \u00daltima&#8230; <a class=\"read-more\" href=\"https:\/\/www.radiopresidenteibanez.cl\/web\/autoridad-maritima-y-personal-de-salud-realizaron-fiscalizacion-a-centro-de-cultivo-en-canal-valdes\/\">Leer m\u00e1s<\/a><\/p>\n","protected":false},"author":2,"featured_media":19312,"comment_status":"closed","ping_status":"closed","sticky":false,"template":"","format":"standard","meta":{"footnotes":""},"categories":[1],"tags":[],"class_list":["post-19311","post","type-post","status-publish","format-standard","has-post-thumbnail","hentry","category-cronica"],"_links":{"self":[{"href":"https:\/\/www.radiopresidenteibanez.cl\/web\/wp-json\/wp\/v2\/posts\/19311","targetHints":{"allow":["GET"]}}],"collection":[{"href":"https:\/\/www.radiopresidenteibanez.cl\/web\/wp-json\/wp\/v2\/posts"}],"about":[{"href":"https:\/\/www.radiopresidenteibanez.cl\/web\/wp-json\/wp\/v2\/types\/post"}],"author":[{"embeddable":true,"href":"https:\/\/www.radiopresidenteibanez.cl\/web\/wp-json\/wp\/v2\/users\/2"}],"replies":[{"embeddable":true,"href":"https:\/\/www.radiopresidenteibanez.cl\/web\/wp-json\/wp\/v2\/comments?post=19311"}],"version-history":[{"count":0,"href":"https:\/\/www.radiopresidenteibanez.cl\/web\/wp-json\/wp\/v2\/posts\/19311\/revisions"}],"wp:featuredmedia":[{"embeddable":true,"href":"https:\/\/www.radiopresidenteibanez.cl\/web\/wp-json\/wp\/v2\/media\/19312"}],"wp:attachment":[{"href":"https:\/\/www.radiopresidenteibanez.cl\/web\/wp-json\/wp\/v2\/media?parent=19311"}],"wp:term":[{"taxonomy":"category","embeddable":true,"href":"https:\/\/www.radiopresidenteibanez.cl\/web\/wp-json\/wp\/v2\/categories?post=19311"},{"taxonomy":"post_tag","embeddable":true,"href":"https:\/\/www.radiopresidenteibanez.cl\/web\/wp-json\/wp\/v2\/tags?post=19311"}],"curies":[{"name":"wp","href":"https:\/\/api.w.org\/{rel}","templated":true}]}}