{"id":19305,"date":"2021-03-17T15:35:56","date_gmt":"2021-03-17T15:35:56","guid":{"rendered":"https:\/\/www.radiopresidenteibanez.cl\/web\/?p=19305"},"modified":"2021-03-17T15:37:09","modified_gmt":"2021-03-17T15:37:09","slug":"en-el-cerro-de-la-cruz-y-en-compania-de-familiares-y-adherentes-se-dio-inicio-a-la-campana-territorial-de-la-lista-independiente-de-magallanicos-no-neutrales","status":"publish","type":"post","link":"https:\/\/www.radiopresidenteibanez.cl\/web\/en-el-cerro-de-la-cruz-y-en-compania-de-familiares-y-adherentes-se-dio-inicio-a-la-campana-territorial-de-la-lista-independiente-de-magallanicos-no-neutrales\/","title":{"rendered":"EN EL CERRO DE LA CRUZ Y EN COMPA\u00d1IA DE FAMILIARES Y ADHERENTES SE DIO INICIO A LA CAMPA\u00d1A TERRITORIAL DE LA LISTA INDEPENDIENTE DE MAGALLANICOS NO NEUTRALES"},"content":{"rendered":"\n<p>En el sector del Cerro de la Cruz en Punta Arenas, los\ncandidatos, Andrea Pivcevic y Javier Sol\u00eds, saludaron a la comunidad y dieron\nel puntapi\u00e9 inicial en este simb\u00f3lico espacio de la ciudad, para lo que ser\u00e1 el\ndespliegue en terrero de la lista \u201cMagall\u00e1nicos, no Neutrales\u201d en camino a\nllevar a ambos candidatos a la Convenci\u00f3n Constituyente.<\/p>\n\n\n\n<p>En la ocasi\u00f3n, los candidatos tambi\u00e9n agradecieron a los\nmedios de comunicaci\u00f3n que permiten que la comunidad Magall\u00e1nica, este\ninformada sobre el in\u00e9dito proceso electoral que se dar\u00e1 este pr\u00f3ximo 10 y 11\nde abril.<\/p>\n","protected":false},"excerpt":{"rendered":"<p>En el sector del Cerro de la Cruz en Punta Arenas, los candidatos, Andrea Pivcevic y Javier Sol\u00eds, saludaron a la comunidad y dieron el puntapi\u00e9 inicial en este simb\u00f3lico&#8230; <a class=\"read-more\" href=\"https:\/\/www.radiopresidenteibanez.cl\/web\/en-el-cerro-de-la-cruz-y-en-compania-de-familiares-y-adherentes-se-dio-inicio-a-la-campana-territorial-de-la-lista-independiente-de-magallanicos-no-neutrales\/\">Leer m\u00e1s<\/a><\/p>\n","protected":false},"author":2,"featured_media":19306,"comment_status":"closed","ping_status":"closed","sticky":false,"template":"","format":"standard","meta":{"footnotes":""},"categories":[1],"tags":[],"class_list":["post-19305","post","type-post","status-publish","format-standard","has-post-thumbnail","hentry","category-cronica"],"_links":{"self":[{"href":"https:\/\/www.radiopresidenteibanez.cl\/web\/wp-json\/wp\/v2\/posts\/19305","targetHints":{"allow":["GET"]}}],"collection":[{"href":"https:\/\/www.radiopresidenteibanez.cl\/web\/wp-json\/wp\/v2\/posts"}],"about":[{"href":"https:\/\/www.radiopresidenteibanez.cl\/web\/wp-json\/wp\/v2\/types\/post"}],"author":[{"embeddable":true,"href":"https:\/\/www.radiopresidenteibanez.cl\/web\/wp-json\/wp\/v2\/users\/2"}],"replies":[{"embeddable":true,"href":"https:\/\/www.radiopresidenteibanez.cl\/web\/wp-json\/wp\/v2\/comments?post=19305"}],"version-history":[{"count":0,"href":"https:\/\/www.radiopresidenteibanez.cl\/web\/wp-json\/wp\/v2\/posts\/19305\/revisions"}],"wp:featuredmedia":[{"embeddable":true,"href":"https:\/\/www.radiopresidenteibanez.cl\/web\/wp-json\/wp\/v2\/media\/19306"}],"wp:attachment":[{"href":"https:\/\/www.radiopresidenteibanez.cl\/web\/wp-json\/wp\/v2\/media?parent=19305"}],"wp:term":[{"taxonomy":"category","embeddable":true,"href":"https:\/\/www.radiopresidenteibanez.cl\/web\/wp-json\/wp\/v2\/categories?post=19305"},{"taxonomy":"post_tag","embeddable":true,"href":"https:\/\/www.radiopresidenteibanez.cl\/web\/wp-json\/wp\/v2\/tags?post=19305"}],"curies":[{"name":"wp","href":"https:\/\/api.w.org\/{rel}","templated":true}]}}