{"id":19301,"date":"2021-03-16T21:58:45","date_gmt":"2021-03-16T21:58:45","guid":{"rendered":"https:\/\/www.radiopresidenteibanez.cl\/web\/?p=19301"},"modified":"2021-03-16T21:58:50","modified_gmt":"2021-03-16T21:58:50","slug":"declaracion-publica-partidos-de-oposicion","status":"publish","type":"post","link":"https:\/\/www.radiopresidenteibanez.cl\/web\/declaracion-publica-partidos-de-oposicion\/","title":{"rendered":"DECLARACI\u00d3N P\u00daBLICA PARTIDOS DE OPOSICI\u00d3N"},"content":{"rendered":"\n<p>A menos de un mes de\nefectuarse uno de los procesos electorales m\u00e1s importantes en la historia\ncontempor\u00e1nea de Chile los partidos pol\u00edticos de oposici\u00f3n que suscriben denunciamos\nel irresponsable actuar que tanto el SERVEL como el Tribunal Calificador de\nElecciones han tenido para fallar e identificar las candidaturas a las\nconcejal\u00edas y alcald\u00edas del pa\u00eds.<\/p>\n\n\n\n<p>El retraso excesivo e\ninjustificado por parte de este organismo, especialmente en las resoluciones\ndel Tribunal Calificador de Elecciones, han afectado el despliegue y entrega de\npropuestas que cada candidatura tiene para la comunidad y como pretenden\ncontribuir y ser parte de su desarrollo, promoviendo y facilitando el voto\ninformado. De la misma forma, introduce falta de garant\u00edas democr\u00e1ticas al no\nfacilitar la informaci\u00f3n oportuna, dentro de los plazos legales o pertinentes a\nlas y los afectados.<\/p>\n\n\n\n<p>Nos enfrentamos a una votaci\u00f3n\ncompleja por el n\u00famero de sufragios y candidatos\/as. A\u00fan hoy los candidatos y\ncandidatas no pueden indicar su lugar en la papeleta lo que limita y dificulta\nuna clara informaci\u00f3n y posterior definici\u00f3n de voto, especialmente para las\npersonas mayores. <\/p>\n\n\n\n<p>Este proceso parti\u00f3 con una\ndeclaraci\u00f3n de candidaturas realmente compleja, de baja empat\u00eda, dando la\nimpresi\u00f3n de que se estaba apostando al fastidio de quienes tuvieran la\nvoluntad de participar. Esta falta grave de compromiso con la funci\u00f3n p\u00fablica\nasignada, nos hace preguntar si el SERVEL como el Tribunal Calificador de\nElecciones, est\u00e1n a la altura de la coyuntura que pa\u00eds est\u00e1 viviendo.<\/p>\n\n\n\n<p>La ciudadan\u00eda se alz\u00f3, march\u00f3\ny expres\u00f3 su voluntad, Chile est\u00e1 avanzando en la construcci\u00f3n de un pa\u00eds\ndiferente y los organismos p\u00fablicos deben dar el ancho y el SERVEL tomar con\nalturas este desaf\u00edo.<\/p>\n\n\n\n<p><strong><em>Punta Arenas, 16 de Marzo de 2021<\/em><\/strong><\/p>\n","protected":false},"excerpt":{"rendered":"<p>A menos de un mes de efectuarse uno de los procesos electorales m\u00e1s importantes en la historia contempor\u00e1nea de Chile los partidos pol\u00edticos de oposici\u00f3n que suscriben denunciamos el irresponsable&#8230; <a class=\"read-more\" href=\"https:\/\/www.radiopresidenteibanez.cl\/web\/declaracion-publica-partidos-de-oposicion\/\">Leer m\u00e1s<\/a><\/p>\n","protected":false},"author":2,"featured_media":740,"comment_status":"closed","ping_status":"closed","sticky":false,"template":"","format":"standard","meta":{"footnotes":""},"categories":[1],"tags":[],"class_list":["post-19301","post","type-post","status-publish","format-standard","has-post-thumbnail","hentry","category-cronica"],"_links":{"self":[{"href":"https:\/\/www.radiopresidenteibanez.cl\/web\/wp-json\/wp\/v2\/posts\/19301","targetHints":{"allow":["GET"]}}],"collection":[{"href":"https:\/\/www.radiopresidenteibanez.cl\/web\/wp-json\/wp\/v2\/posts"}],"about":[{"href":"https:\/\/www.radiopresidenteibanez.cl\/web\/wp-json\/wp\/v2\/types\/post"}],"author":[{"embeddable":true,"href":"https:\/\/www.radiopresidenteibanez.cl\/web\/wp-json\/wp\/v2\/users\/2"}],"replies":[{"embeddable":true,"href":"https:\/\/www.radiopresidenteibanez.cl\/web\/wp-json\/wp\/v2\/comments?post=19301"}],"version-history":[{"count":0,"href":"https:\/\/www.radiopresidenteibanez.cl\/web\/wp-json\/wp\/v2\/posts\/19301\/revisions"}],"wp:featuredmedia":[{"embeddable":true,"href":"https:\/\/www.radiopresidenteibanez.cl\/web\/wp-json\/wp\/v2\/media\/740"}],"wp:attachment":[{"href":"https:\/\/www.radiopresidenteibanez.cl\/web\/wp-json\/wp\/v2\/media?parent=19301"}],"wp:term":[{"taxonomy":"category","embeddable":true,"href":"https:\/\/www.radiopresidenteibanez.cl\/web\/wp-json\/wp\/v2\/categories?post=19301"},{"taxonomy":"post_tag","embeddable":true,"href":"https:\/\/www.radiopresidenteibanez.cl\/web\/wp-json\/wp\/v2\/tags?post=19301"}],"curies":[{"name":"wp","href":"https:\/\/api.w.org\/{rel}","templated":true}]}}