{"id":19298,"date":"2021-03-17T03:00:00","date_gmt":"2021-03-17T03:00:00","guid":{"rendered":"https:\/\/www.radiopresidenteibanez.cl\/web\/?p=19298"},"modified":"2021-03-16T21:56:00","modified_gmt":"2021-03-16T21:56:00","slug":"seremi-s-de-energia-de-magallanes-destaca-robustecimiento-del-sector-pese-a-contraccion-economica-producto-de-la-pandemia","status":"publish","type":"post","link":"https:\/\/www.radiopresidenteibanez.cl\/web\/seremi-s-de-energia-de-magallanes-destaca-robustecimiento-del-sector-pese-a-contraccion-economica-producto-de-la-pandemia\/","title":{"rendered":"SEREMI (S) DE ENERG\u00cdA DE MAGALLANES DESTACA ROBUSTECIMIENTO DEL SECTOR PESE A CONTRACCI\u00d3N ECON\u00d3MICA PRODUCTO DE LA PANDEMIA"},"content":{"rendered":"\n<p>En el contexto del Mes de la Eficiencia Energ\u00e9tica, el SEREMI (s) de Energ\u00eda, Carlos Olave Solar, coment\u00f3 la robustez del sector energ\u00e9tico frente a otras \u00e1reas productivas del pa\u00eds pese a la contracci\u00f3n econ\u00f3mica experimentada desde octubre de 2019, y a la que se sumaron los posteriores efectos de la pandemia en los mercados nacional e internacional durante el 2020.<\/p>\n\n\n\n<p>\u201cDe enero del 2018 a febrero de 2021 el sector energ\u00e9tico ha mantenido e incluso fortalecido su dinamismo\u201d, parti\u00f3 explicando la autoridad.<\/p>\n\n\n\n<p>Seg\u00fan el SEREMI Olave, aun cuando se vivi\u00f3 un 2019 y 2020 muy complejo, el sector energ\u00e9tico no se estanc\u00f3 y continu\u00f3 impulsando inversiones.<\/p>\n\n\n\n<p>De acuerdo a&nbsp; la Corporaci\u00f3n de Bienes de Capital, los proyectos en ejecuci\u00f3n hasta septiembre del a\u00f1o pasado representaron una inversi\u00f3n total de USD 114.890 millones a nivel nacional para todos los sectores productivos.&nbsp;<\/p>\n\n\n\n<p>Las inversiones fueron lideradas por Obras P\u00fablicas y Miner\u00eda (ambas 31%), seguidas por los sectores Inmobiliario (16%) y Energ\u00eda (14%).<\/p>\n\n\n\n<p>\u201cEstos indicadores reflejan la estabilidad y madurez que el sector energ\u00e9tico ha ido adquiriendo a trav\u00e9s del tiempo\u201d, dijo Olave agregando:<\/p>\n\n\n\n<p>\u201cEn marzo cumplimos 3 a\u00f1os de Gobierno y en materia energ\u00e9tica podemos destacar que hemos ido cumpliendo importantes compromisos, tales como avanzar en la carbono \u2013 neutralidad, en la descarbonizaci\u00f3n de nuestra matriz energ\u00e9tica con el proceso de cierre de termoel\u00e9ctricas y, junto con ello, se ha modernizado al sector dotando a Chile de una adecuada normativa en cuanto a eficiencia energ\u00e9tica. Hoy contamos con nuestra la primera Ley de Eficiencia Energ\u00e9tica que la regula, la fomenta y la entiende como una pol\u00edtica de Estado transversal a todas las \u00e1reas del quehacer nacional\u201d, puntualiz\u00f3.<\/p>\n\n\n\n<p>Lo anterior se complementa con las cifras que registra la Capacidad Total Instalada que alcanz\u00f3 el pa\u00eds en febrero de este a\u00f1o (25.820 MW), de los cuales el 52,8% est\u00e1 constituido por fuentes renovables.<\/p>\n\n\n\n<p>De a acuerdo al Ministerio de Energ\u00eda, si se consideran los proyectos actualmente en fase de prueba, as\u00ed como aquellos proyectos en construcci\u00f3n que prev\u00e9n su conexi\u00f3n a la matriz nacional durante este a\u00f1o, se espera que a diciembre de 2021 la Capacidad Total Instalada del pa\u00eds alcance los 31.870 MW, de los cuales alrededor del 60% estar\u00e1 constituido por fuentes renovables.<\/p>\n\n\n\n<p>Para Olave, hay una \u201cevoluci\u00f3n positiva y ascendente\u201d de la Capacidad Instalada de Renovables en la matriz nacional que va desde marzo de 2007 a febrero de 2021.<\/p>\n\n\n\n<p><strong>HIDR\u00d3GENO VERDE<\/strong><\/p>\n\n\n\n<p>Otro punto a resaltar para el Secretario Regional (s) de Energ\u00eda es el trabajo que ha realizado el Gobierno en cuanto a&nbsp; hidr\u00f3geno verde.<\/p>\n\n\n\n<p>\u201cPrimero -sostiene Olave-, tal cual lo dijo el SEREMI S\u00e1ez, hasta hace dos a\u00f1os, poco y nada se hablaba de hidr\u00f3geno verde; hoy el ministro Juan Carlos Jobet ha logrado posicionar el tema involucrando a todo un pa\u00eds con sentido de pol\u00edtica de Estado. Es por ello que ya contamos con una Estrategia Nacional de Hidr\u00f3geno Verde que sienta las bases para que en los pr\u00f3ximos a\u00f1os Chile comience a liderar la producci\u00f3n&nbsp; y exportaci\u00f3n de este combustible en base a la excelente y abundante materia prima con que contamos para ello (energ\u00eda e\u00f3lica y solar) por mencionar las m\u00e1s conocidas\u201d, remarc\u00f3.<\/p>\n\n\n\n<p>En este sentido, cabe recordar que en el marco de la Estrategia Nacional de Hidr\u00f3geno Verde, el Ministerio de Energ\u00eda recientemente public\u00f3 un estudio elaborado con el objetivo de identificar y cuantificar el potencial e\u00f3lico para el desarrollo del hidr\u00f3geno verde en la Regi\u00f3n de Magallanes y de La Ant\u00e1rtica Chilena.<\/p>\n\n\n\n<p>La investigaci\u00f3n determin\u00f3 que la regi\u00f3n m\u00e1s austral del pa\u00eds podr\u00eda llegar a producir el 13% hidr\u00f3geno verde del mundo dado su alto potencial en energ\u00eda e\u00f3lica, considerando que la generaci\u00f3n el\u00e9ctrica e\u00f3lica anual estimada en Magallanes podr\u00eda sobrepasar en 7 veces la generaci\u00f3n el\u00e9ctrica actual de la matriz el\u00e9ctrica chilena.<\/p>\n\n\n\n<p>En la oportunidad, el ministro Jobet, explic\u00f3 que Magallanes cuenta las mejores condiciones estrat\u00e9gicas para transformarse en un polo de generaci\u00f3n y exportaci\u00f3n del hidr\u00f3geno verde.<br><br><\/p>\n\n\n\n<p>\u201cY no s\u00f3lo cuenta con un excelente potencial en energ\u00eda e\u00f3lica como base para sustentar la industria de este combustible, sino que tambi\u00e9n con&nbsp;la infraestructura, experiencia petroqu\u00edmica y portuaria necesarias para convertir a Magallanes en generadora y exportadora de hidr\u00f3geno verde\u201d, afirm\u00f3.<\/p>\n\n\n\n<p>Finalmente, el SEREMI Olave detall\u00f3 que la regi\u00f3n posee uno de las mejores perspectivas de en cuanto a recursos e\u00f3licos a nivel nacional, alcanzando un potencial estimado en 126.000 MW, \u201clo cual podr\u00eda hacernos producir el hidr\u00f3geno verde m\u00e1s competitivo del mundo, creando para ello miles de empleos directos e indirectos que podr\u00edan significar para Chile y para la regi\u00f3n, el equivalente a lo que nos ha entregado la miner\u00eda del petr\u00f3leo pero de una manera m\u00e1s sustentable\u201d. &nbsp;&nbsp;&nbsp;&nbsp;&nbsp;<\/p>\n","protected":false},"excerpt":{"rendered":"<p>En el contexto del Mes de la Eficiencia Energ\u00e9tica, el SEREMI (s) de Energ\u00eda, Carlos Olave Solar, coment\u00f3 la robustez del sector energ\u00e9tico frente a otras \u00e1reas productivas del pa\u00eds&#8230; <a class=\"read-more\" href=\"https:\/\/www.radiopresidenteibanez.cl\/web\/seremi-s-de-energia-de-magallanes-destaca-robustecimiento-del-sector-pese-a-contraccion-economica-producto-de-la-pandemia\/\">Leer m\u00e1s<\/a><\/p>\n","protected":false},"author":2,"featured_media":19299,"comment_status":"closed","ping_status":"closed","sticky":false,"template":"","format":"standard","meta":{"footnotes":""},"categories":[1],"tags":[],"class_list":["post-19298","post","type-post","status-publish","format-standard","has-post-thumbnail","hentry","category-cronica"],"_links":{"self":[{"href":"https:\/\/www.radiopresidenteibanez.cl\/web\/wp-json\/wp\/v2\/posts\/19298","targetHints":{"allow":["GET"]}}],"collection":[{"href":"https:\/\/www.radiopresidenteibanez.cl\/web\/wp-json\/wp\/v2\/posts"}],"about":[{"href":"https:\/\/www.radiopresidenteibanez.cl\/web\/wp-json\/wp\/v2\/types\/post"}],"author":[{"embeddable":true,"href":"https:\/\/www.radiopresidenteibanez.cl\/web\/wp-json\/wp\/v2\/users\/2"}],"replies":[{"embeddable":true,"href":"https:\/\/www.radiopresidenteibanez.cl\/web\/wp-json\/wp\/v2\/comments?post=19298"}],"version-history":[{"count":0,"href":"https:\/\/www.radiopresidenteibanez.cl\/web\/wp-json\/wp\/v2\/posts\/19298\/revisions"}],"wp:featuredmedia":[{"embeddable":true,"href":"https:\/\/www.radiopresidenteibanez.cl\/web\/wp-json\/wp\/v2\/media\/19299"}],"wp:attachment":[{"href":"https:\/\/www.radiopresidenteibanez.cl\/web\/wp-json\/wp\/v2\/media?parent=19298"}],"wp:term":[{"taxonomy":"category","embeddable":true,"href":"https:\/\/www.radiopresidenteibanez.cl\/web\/wp-json\/wp\/v2\/categories?post=19298"},{"taxonomy":"post_tag","embeddable":true,"href":"https:\/\/www.radiopresidenteibanez.cl\/web\/wp-json\/wp\/v2\/tags?post=19298"}],"curies":[{"name":"wp","href":"https:\/\/api.w.org\/{rel}","templated":true}]}}