{"id":19292,"date":"2021-03-17T02:30:00","date_gmt":"2021-03-17T02:30:00","guid":{"rendered":"https:\/\/www.radiopresidenteibanez.cl\/web\/?p=19292"},"modified":"2021-03-16T21:50:49","modified_gmt":"2021-03-16T21:50:49","slug":"refuerzo-de-especialidad-de-cirugia-gastrica-y-radiologia-atiende-a-natalinos-en-su-comuna","status":"publish","type":"post","link":"https:\/\/www.radiopresidenteibanez.cl\/web\/refuerzo-de-especialidad-de-cirugia-gastrica-y-radiologia-atiende-a-natalinos-en-su-comuna\/","title":{"rendered":"REFUERZO DE ESPECIALIDAD DE CIRUG\u00cdA G\u00c1STRICA Y RADIOLOG\u00cdA ATIENDE A NATALINOS EN SU COMUNA"},"content":{"rendered":"\n<p>Con el objetivo de atender la lista de espera de los pacientes de \u00daltima Esperanza, y adem\u00e1s disminuir los riesgos de contagio durante la contingencia sanitaria evitando que deban viajar Punta Arenas para acceder a sus controles de especialidad, se realiz\u00f3 el refuerzo de las especialidades de Cirug\u00eda G\u00e1strica y Radiolog\u00eda, que atendi\u00f3 a m\u00e1s de 40 natalinos en su comuna. <\/p>\n\n\n\n<p>Fue el subdirector el subdirector\nm\u00e9dico(s), Dr. Antonio Miranda, quien relev\u00f3 la instancia que acercar las\nespecialidades a la provincia y dijo que \u201ccomo Hospital estamos agradecidos de\npoder recibir a especialistas que atiendan a nuestros usuarios, estamos muy\ncontentos por nuestros pacientes porque sus patolog\u00edas est\u00e1n siendo resueltas\nen su ciudad, lo que entrega m\u00e1s comodidad y seguridad en medio de la pandemia.\nEsto es gracias un trabajo conjunto que lidera el Servicio de Salud Magallanes,\niniciativa que permite acortar las listas de espera y ampliar la cobertura de las\nespecialidades\u201d.<\/p>\n\n\n\n<p>Por su parte, el Cirujano G\u00e1strico de\nHospital Cl\u00ednico Magallanes, Dr. Alejandro Altamirano, manifest\u00f3 que durante\nesta jornada se atendieron a 17 pacientes, \u201csiempre es un gusto venir a\nnatales, fue una jornada muy productiva en que se realizaron controles\npendientes y tambi\u00e9n se atendi\u00f3 la lista de espera realizando el ingreso de nuevos\npacientes. Sin duda, hoy m\u00e1s que nunca las rondas cumplen un rol fundamental,\nporque nos permiten otorgar atenciones de especialidad en la comuna en que\nresiden los pacientes, lo que evita los desplazamientos y disminuye los riesgos\nde contagio\u201d, se\u00f1al\u00f3 el profesional. <\/p>\n\n\n\n<p>Asimismo, fue la paciente de la especialidad de Cirug\u00eda G\u00e1strica, Marta Vel\u00e1squez,\nquien agradeci\u00f3 la atenci\u00f3n de especialidades en Natales y dijo: \u201ceste tipo de\nrondas entregan mayor comodidad a los pacientes, en especial a los adultos\nmayores. En lo personal, ser atendida por el Dr. Altamirano era muy necesario y\nque sea en mi ciudad es a\u00fan mejor, esta atenci\u00f3n me entreg\u00f3 tranquilidad\u201d.<\/p>\n","protected":false},"excerpt":{"rendered":"<p>Con el objetivo de atender la lista de espera de los pacientes de \u00daltima Esperanza, y adem\u00e1s disminuir los riesgos de contagio durante la contingencia sanitaria evitando que deban viajar&#8230; <a class=\"read-more\" href=\"https:\/\/www.radiopresidenteibanez.cl\/web\/refuerzo-de-especialidad-de-cirugia-gastrica-y-radiologia-atiende-a-natalinos-en-su-comuna\/\">Leer m\u00e1s<\/a><\/p>\n","protected":false},"author":2,"featured_media":19293,"comment_status":"closed","ping_status":"closed","sticky":false,"template":"","format":"standard","meta":{"footnotes":""},"categories":[1],"tags":[],"class_list":["post-19292","post","type-post","status-publish","format-standard","has-post-thumbnail","hentry","category-cronica"],"_links":{"self":[{"href":"https:\/\/www.radiopresidenteibanez.cl\/web\/wp-json\/wp\/v2\/posts\/19292","targetHints":{"allow":["GET"]}}],"collection":[{"href":"https:\/\/www.radiopresidenteibanez.cl\/web\/wp-json\/wp\/v2\/posts"}],"about":[{"href":"https:\/\/www.radiopresidenteibanez.cl\/web\/wp-json\/wp\/v2\/types\/post"}],"author":[{"embeddable":true,"href":"https:\/\/www.radiopresidenteibanez.cl\/web\/wp-json\/wp\/v2\/users\/2"}],"replies":[{"embeddable":true,"href":"https:\/\/www.radiopresidenteibanez.cl\/web\/wp-json\/wp\/v2\/comments?post=19292"}],"version-history":[{"count":0,"href":"https:\/\/www.radiopresidenteibanez.cl\/web\/wp-json\/wp\/v2\/posts\/19292\/revisions"}],"wp:featuredmedia":[{"embeddable":true,"href":"https:\/\/www.radiopresidenteibanez.cl\/web\/wp-json\/wp\/v2\/media\/19293"}],"wp:attachment":[{"href":"https:\/\/www.radiopresidenteibanez.cl\/web\/wp-json\/wp\/v2\/media?parent=19292"}],"wp:term":[{"taxonomy":"category","embeddable":true,"href":"https:\/\/www.radiopresidenteibanez.cl\/web\/wp-json\/wp\/v2\/categories?post=19292"},{"taxonomy":"post_tag","embeddable":true,"href":"https:\/\/www.radiopresidenteibanez.cl\/web\/wp-json\/wp\/v2\/tags?post=19292"}],"curies":[{"name":"wp","href":"https:\/\/api.w.org\/{rel}","templated":true}]}}