{"id":19279,"date":"2021-03-16T13:12:36","date_gmt":"2021-03-16T13:12:36","guid":{"rendered":"https:\/\/www.radiopresidenteibanez.cl\/web\/?p=19279"},"modified":"2021-03-16T13:12:42","modified_gmt":"2021-03-16T13:12:42","slug":"carta-al-director-bernardo-bastres-padre-obispo-punta-arenas","status":"publish","type":"post","link":"https:\/\/www.radiopresidenteibanez.cl\/web\/carta-al-director-bernardo-bastres-padre-obispo-punta-arenas\/","title":{"rendered":"CARTA AL DIRECTOR: BERNARDO BASTRES, PADRE OBISPO PUNTA ARENAS"},"content":{"rendered":"\n<p>Sr. Director:<\/p>\n\n\n\n<p>Ante el impacto p\u00fablico de mis palabras acerca de la\ninjusta restricci\u00f3n impuesta por el Ministerio de Salud a la realizaci\u00f3n de\ncelebraciones religiosas en la fase 2 o de \u201cTransici\u00f3n\u201d del plan \u201cPaso a paso\u201d,\nquisiera puntualizar:<\/p>\n\n\n\n<ol class=\"wp-block-list\"><li>Mis palabras es preciso situarlas en el contexto de la regi\u00f3n de\nMagallanes y la situaci\u00f3n que actualmente estamos viviendo en la pandemia.<\/li><\/ol>\n\n\n\n<p>Hemos pasado un a\u00f1o muy complejo con cuarentenas muy\nprolongadas y, actualmente, estamos en una mejor situaci\u00f3n en cuanto a la tasa\nde contagios y la disposici\u00f3n de camas cr\u00edticas. Tanto es as\u00ed, que hoy mismo,\nse ha decretado que las comunas de Punta Arenas y Puerto Natales pasen a la\nfase 3 o de \u201cPreparaci\u00f3n\u201d en el plan \u201cPaso a paso\u201d.<\/p>\n\n\n\n<p>A lo largo de este tiempo de pandemia hemos sido\nrespetuosos de las indicaciones y normas de la autoridad sanitaria y, en la\nnueva situaci\u00f3n en que nos encontramos esperamos que todos la vivamos con mayor\nresponsabilidad.<\/p>\n\n\n\n<ul class=\"wp-block-list\"><li>En la regi\u00f3n de\nMagallanes conocemos bien lo que significa el centralismo y las consecuencias\nde decisiones que son tomadas en la capital y de acuerdo a las situaciones que\nall\u00e1 se viven, las cuales pasan a determinar la situaci\u00f3n vital de quienes\nhabitamos en otra geograf\u00eda, en otro contexto cultural o -en este caso- en otra\nsituaci\u00f3n sanitaria, distinta a la que est\u00e1n viviendo en Santiago y otras\nregiones del pa\u00eds.<\/li><\/ul>\n\n\n\n<p>As\u00ed lo se\u00f1al\u00e9 en mi declaraci\u00f3n del s\u00e1bado reci\u00e9n\npasado, cuando se dispuso el endurecimiento a nivel nacional del Paso 2\n\u201cTransici\u00f3n\u201d, restringiendo la realizaci\u00f3n de actos de culto religioso: \u201c<em>El sentimiento de muchos cat\u00f3licos\nmagall\u00e1nicos, es que el costo de las medidas restrictivas recae s\u00f3lo en algunas\nactividades y no en otras, al mismo tiempo, estas medidas no han respetado el\ncaminar propio de cada regi\u00f3n, d\u00e1ndole as\u00ed una suerte de discriminaci\u00f3n\narbitraria, expresi\u00f3n del centralismo que vive nuestro pa\u00eds\u201d.<\/em><\/p>\n\n\n\n<ul class=\"wp-block-list\"><li>Nos alegramos que actualmente las ciudades de Punta Arenas y Puerto\nNatales hayan pasado al Paso 3 \u201cPreparaci\u00f3n\u201d, lo cual muestra por s\u00ed mismo lo\ninjusto que era imponer a nivel nacional las nuevas restricciones del Paso 2\n\u201cPreparaci\u00f3n\u201d, sin tener en cuenta la situaci\u00f3n que viven otras regiones del\npa\u00eds, distintas a la regi\u00f3n metropolitana.<\/li><\/ul>\n\n\n\n<ul class=\"wp-block-list\"><li>Adem\u00e1s de esta\nsituaci\u00f3n que hemos vivido como regi\u00f3n de Magallanes, lo cual es el contexto de\nmis palabras en que se\u00f1al\u00e9 que no seguiremos una norma que consideramos\ninjusta, es preciso tener en cuenta que la norma impuesta por la autoridad\nsanitaria a nivel nacional no s\u00f3lo no contribuye a la necesidad espiritual de\nnuestros fieles, sino -como lo se\u00f1al\u00e9 en mi declaraci\u00f3n del s\u00e1bado reci\u00e9n\npasado- \u201c<em>lo sentimos como un atentado a\nla libertad religiosa, que se encuentra consagrada en nuestra Constituci\u00f3n\nPol\u00edtica\u201d.<\/em><\/li><\/ul>\n\n\n\n<ul class=\"wp-block-list\"><li>Lamento mucho que mis palabras no hayan sido comprendidas dentro del\ncontexto en que fueron pronunciadas, o el malestar que por esta raz\u00f3n pudieron\nhaber causado. Pido sinceras disculpas a quienes se hayan sentido ofendidos por\nellas. <\/li><\/ul>\n\n\n\n<p>Bernardo Bastres Florence<\/p>\n\n\n\n<p>Padre Obispo de Punta\nArenas<\/p>\n","protected":false},"excerpt":{"rendered":"<p>Sr. Director: Ante el impacto p\u00fablico de mis palabras acerca de la injusta restricci\u00f3n impuesta por el Ministerio de Salud a la realizaci\u00f3n de celebraciones religiosas en la fase 2&#8230; <a class=\"read-more\" href=\"https:\/\/www.radiopresidenteibanez.cl\/web\/carta-al-director-bernardo-bastres-padre-obispo-punta-arenas\/\">Leer m\u00e1s<\/a><\/p>\n","protected":false},"author":2,"featured_media":740,"comment_status":"closed","ping_status":"closed","sticky":false,"template":"","format":"standard","meta":{"footnotes":""},"categories":[1],"tags":[],"class_list":["post-19279","post","type-post","status-publish","format-standard","has-post-thumbnail","hentry","category-cronica"],"_links":{"self":[{"href":"https:\/\/www.radiopresidenteibanez.cl\/web\/wp-json\/wp\/v2\/posts\/19279","targetHints":{"allow":["GET"]}}],"collection":[{"href":"https:\/\/www.radiopresidenteibanez.cl\/web\/wp-json\/wp\/v2\/posts"}],"about":[{"href":"https:\/\/www.radiopresidenteibanez.cl\/web\/wp-json\/wp\/v2\/types\/post"}],"author":[{"embeddable":true,"href":"https:\/\/www.radiopresidenteibanez.cl\/web\/wp-json\/wp\/v2\/users\/2"}],"replies":[{"embeddable":true,"href":"https:\/\/www.radiopresidenteibanez.cl\/web\/wp-json\/wp\/v2\/comments?post=19279"}],"version-history":[{"count":0,"href":"https:\/\/www.radiopresidenteibanez.cl\/web\/wp-json\/wp\/v2\/posts\/19279\/revisions"}],"wp:featuredmedia":[{"embeddable":true,"href":"https:\/\/www.radiopresidenteibanez.cl\/web\/wp-json\/wp\/v2\/media\/740"}],"wp:attachment":[{"href":"https:\/\/www.radiopresidenteibanez.cl\/web\/wp-json\/wp\/v2\/media?parent=19279"}],"wp:term":[{"taxonomy":"category","embeddable":true,"href":"https:\/\/www.radiopresidenteibanez.cl\/web\/wp-json\/wp\/v2\/categories?post=19279"},{"taxonomy":"post_tag","embeddable":true,"href":"https:\/\/www.radiopresidenteibanez.cl\/web\/wp-json\/wp\/v2\/tags?post=19279"}],"curies":[{"name":"wp","href":"https:\/\/api.w.org\/{rel}","templated":true}]}}