{"id":19276,"date":"2021-03-16T13:10:41","date_gmt":"2021-03-16T13:10:41","guid":{"rendered":"https:\/\/www.radiopresidenteibanez.cl\/web\/?p=19276"},"modified":"2021-03-16T13:10:46","modified_gmt":"2021-03-16T13:10:46","slug":"seremi-de-gobierno-llama-a-postular-a-los-dos-fondos-concursables-del-ministerio-secretaria-general-de-gobierno","status":"publish","type":"post","link":"https:\/\/www.radiopresidenteibanez.cl\/web\/seremi-de-gobierno-llama-a-postular-a-los-dos-fondos-concursables-del-ministerio-secretaria-general-de-gobierno\/","title":{"rendered":"SEREMI DE GOBIERNO LLAMA A POSTULAR A LOS DOS FONDOS  CONCURSABLES DEL MINISTERIO SECRETAR\u00cdA GENERAL DE GOBIERNO"},"content":{"rendered":"\n<p>La seremi de Gobierno,\nAlejandra Mu\u00f1oz, inform\u00f3 que los dos fondos concursables que tiene disponible\nel ministerio\nSecretar\u00eda General de Gobierno, de Medios de Comunicaci\u00f3n Social, y de\nFortalecimiento de Organizaciones de Inter\u00e9s P\u00fablico (FFOIP), se encuentran\nabiertos para sus postulaciones. <\/p>\n\n\n\n<p>Este lunes, la vocera del Gobierno Regional\nsostuvo reuniones con representantes de los medios de comunicaci\u00f3n, y con\ndirigentes sociales de diversas organizaciones de la regi\u00f3n, instancias en las\nque se les dieron a conocer las bases de ambos fondos concursables. <\/p>\n\n\n\n<p>La seremi Mu\u00f1oz explic\u00f3 que los fondos\nconcursables del Ministerio Secretar\u00eda General de Gobierno, son un apoyo\nimportante tanto para los medios de comunicaci\u00f3n como para las organizaciones\nsociales, donde se busca contribuir al fortalecimiento de ambas entidades a\ntrav\u00e9s del financiamiento de proyectos que tengan impacto dentro de la\ncomunidad. <\/p>\n\n\n\n<p>\u201cRecordemos que ambas instancias son\nconcursables, por lo que solo ser\u00e1n algunos proyectos los que finalmente\nadjudicar\u00e1n los recursos.<br>\nPara nosotros como Ministerio es muy relevante poder preparar de manera\nequitativa a cada uno de los medios y organizaciones sociales, de modo que\ntodos\/as puedan postular informados y con igualdad de condiciones, por lo que\nla capacitaci\u00f3n juega un rol esencial para preparar a los participantes ante de\nla postulaci\u00f3n. Quienes no puedan asistir a la instancia, siempre podr\u00e1n contar\ncon el apoyo de nuestro equipo regional a trav\u00e9s de los distintos canales de\ncomunicaci\u00f3n\u201d, manifest\u00f3 la seremi.<\/p>\n\n\n\n<p><strong>FFOIP<\/strong><\/p>\n\n\n\n<p>Las\nOrganizaciones de Inter\u00e9s P\u00fablico pueden presentar iniciativas de car\u00e1cter\nlocal, regional y nacional, y ser\u00e1n financiadas las que est\u00e9n orientadas a\nderechos de la ciudadan\u00eda, educaci\u00f3n, salud, medio ambiente o cualquiera otra\nde bien com\u00fan.<\/p>\n\n\n\n<p>Para poder\npostular a este Fondo debe ingresar a <a href=\"http:\/\/www.fondodefortalecimiento.gob.cl\">www.fondodefortalecimiento.gob.cl<\/a><\/p>\n\n\n\n<p>El plazo de\npostulaci\u00f3n se extender\u00e1 hasta las 12:00 horas del 16 de abril si el proyecto\nse entrega de manera presencial en las oficinas de la secretar\u00eda Regional\nMinisterial de Gobierno (2do piso edificio intendencia), en tanto que la\npostulaci\u00f3n online finaliza el mismo d\u00eda a las 23:59 horas. <\/p>\n\n\n\n<p><strong>Fondo\nde Medios <\/strong><\/p>\n\n\n\n<p>El\npresupuesto total para el Fondo de Medios en la regi\u00f3n considera una asignaci\u00f3n\nde recursos por $93.617.084, y las postulaciones se extender\u00e1n hasta el\nmi\u00e9rcoles 31 de marzo y consideran recursos para prensa escrita y televisi\u00f3n,\nradiodifusi\u00f3n, televisi\u00f3n se\u00f1al abierta o por cable, medios electr\u00f3nicos y radios\ncomunitarias.<\/p>\n\n\n\n<p>Dada la\nsituaci\u00f3n sanitaria, la postulaci\u00f3n para este Fondo de Medios es online, sin\nembargo, aquellos medios que tengan alguna complicaci\u00f3n para efectuarla a\ntrav\u00e9s de internet, tambi\u00e9n los formularios ser\u00e1n recepcionados de manera presencial.&nbsp; <\/p>\n\n\n\n<p>Indicar\nque para este a\u00f1o no se consideran bonificaciones por alguna tem\u00e1tica en\nparticular. Las bases se pueden descargar en <a href=\"http:\/\/www.fondodemedios.gob.cl\/\">www.fondodemedios.gob.cl\/<\/a><\/p>\n","protected":false},"excerpt":{"rendered":"<p>La seremi de Gobierno, Alejandra Mu\u00f1oz, inform\u00f3 que los dos fondos concursables que tiene disponible el ministerio Secretar\u00eda General de Gobierno, de Medios de Comunicaci\u00f3n Social, y de Fortalecimiento de&#8230; <a class=\"read-more\" href=\"https:\/\/www.radiopresidenteibanez.cl\/web\/seremi-de-gobierno-llama-a-postular-a-los-dos-fondos-concursables-del-ministerio-secretaria-general-de-gobierno\/\">Leer m\u00e1s<\/a><\/p>\n","protected":false},"author":2,"featured_media":19277,"comment_status":"closed","ping_status":"closed","sticky":false,"template":"","format":"standard","meta":{"footnotes":""},"categories":[1],"tags":[],"class_list":["post-19276","post","type-post","status-publish","format-standard","has-post-thumbnail","hentry","category-cronica"],"_links":{"self":[{"href":"https:\/\/www.radiopresidenteibanez.cl\/web\/wp-json\/wp\/v2\/posts\/19276","targetHints":{"allow":["GET"]}}],"collection":[{"href":"https:\/\/www.radiopresidenteibanez.cl\/web\/wp-json\/wp\/v2\/posts"}],"about":[{"href":"https:\/\/www.radiopresidenteibanez.cl\/web\/wp-json\/wp\/v2\/types\/post"}],"author":[{"embeddable":true,"href":"https:\/\/www.radiopresidenteibanez.cl\/web\/wp-json\/wp\/v2\/users\/2"}],"replies":[{"embeddable":true,"href":"https:\/\/www.radiopresidenteibanez.cl\/web\/wp-json\/wp\/v2\/comments?post=19276"}],"version-history":[{"count":0,"href":"https:\/\/www.radiopresidenteibanez.cl\/web\/wp-json\/wp\/v2\/posts\/19276\/revisions"}],"wp:featuredmedia":[{"embeddable":true,"href":"https:\/\/www.radiopresidenteibanez.cl\/web\/wp-json\/wp\/v2\/media\/19277"}],"wp:attachment":[{"href":"https:\/\/www.radiopresidenteibanez.cl\/web\/wp-json\/wp\/v2\/media?parent=19276"}],"wp:term":[{"taxonomy":"category","embeddable":true,"href":"https:\/\/www.radiopresidenteibanez.cl\/web\/wp-json\/wp\/v2\/categories?post=19276"},{"taxonomy":"post_tag","embeddable":true,"href":"https:\/\/www.radiopresidenteibanez.cl\/web\/wp-json\/wp\/v2\/tags?post=19276"}],"curies":[{"name":"wp","href":"https:\/\/api.w.org\/{rel}","templated":true}]}}