{"id":19274,"date":"2021-03-16T13:09:03","date_gmt":"2021-03-16T13:09:03","guid":{"rendered":"https:\/\/www.radiopresidenteibanez.cl\/web\/?p=19274"},"modified":"2021-03-16T13:09:09","modified_gmt":"2021-03-16T13:09:09","slug":"radonich-pide-aumentar-cantidad-de-vacunatorios-y-mantener-exigencia-de-pcr-negativo-para-entrar-a-la-region","status":"publish","type":"post","link":"https:\/\/www.radiopresidenteibanez.cl\/web\/radonich-pide-aumentar-cantidad-de-vacunatorios-y-mantener-exigencia-de-pcr-negativo-para-entrar-a-la-region\/","title":{"rendered":"RADONICH PIDE AUMENTAR CANTIDAD DE VACUNATORIOS Y MANTENER EXIGENCIA DE PCR NEGATIVO PARA ENTRAR A LA REGI\u00d3N"},"content":{"rendered":"\n<p>Luego de un extenso y prolongado paso por la FASE 2, al fin Punta Arenas, avanza en el plan Paso A Paso, raz\u00f3n por la cual el candidato a ocupar nuevamente el sill\u00f3n alcaldicio de la capital regional, Claudio Radonich, reiter\u00f3 el llamado a no bajar la guardia y a redoblar los esfuerzos por seguir avanzando.<\/p>\n\n\n\n<p>\u201cEstamos muy contentos por el avance de fase, pero queremos seguir trabajando para continuar con las buenas noticias, por lo que hemos solicitado varias cosas como candidato a Alcalde de Punta Arenas. Lo primero, que se mantenga el PCR para ingresar a la Regi\u00f3n en el aeropuerto; y que esto no signifique un relajo y podamos seguir cuid\u00e1ndonos\u201d, explic\u00f3 el abogado.<\/p>\n\n\n\n<p>Asimismo, Radonich agreg\u00f3 y dijo: \u201cHemos demostrado capacidad para vacunar a muchas m\u00e1s personas que las programadas, por lo que es importante destacar el trabajo del personal de Salud Municipal y de todos los equipos vinculados, as\u00ed que he pedido que nos env\u00eden m\u00e1s vacunas, con el fin de tener a toda la poblaci\u00f3n inoculada en el mes de mayo y adelantarnos para que toda la poblaci\u00f3n objetivo est\u00e9 vacunada\u201d.<\/p>\n\n\n\n<p>Finalmente, el candidato al municipio de Punta Arenas, recalc\u00f3 que es necesario aumentar la cantidad de vacunatorios para lograr tal objetivo, sumando espacios a los ya utilizados hasta ahora, como por ejemplo el gimnasio Fiscal, lo que implicar\u00eda mayor capacidad de inoculaci\u00f3n pero tambi\u00e9n bajar los factores de riesgo en el corto plazo.<\/p>\n","protected":false},"excerpt":{"rendered":"<p>Luego de un extenso y prolongado paso por la FASE 2, al fin Punta Arenas, avanza en el plan Paso A Paso, raz\u00f3n por la cual el candidato a ocupar&#8230; <a class=\"read-more\" href=\"https:\/\/www.radiopresidenteibanez.cl\/web\/radonich-pide-aumentar-cantidad-de-vacunatorios-y-mantener-exigencia-de-pcr-negativo-para-entrar-a-la-region\/\">Leer m\u00e1s<\/a><\/p>\n","protected":false},"author":2,"featured_media":6151,"comment_status":"closed","ping_status":"closed","sticky":false,"template":"","format":"standard","meta":{"footnotes":""},"categories":[1],"tags":[],"class_list":["post-19274","post","type-post","status-publish","format-standard","has-post-thumbnail","hentry","category-cronica"],"_links":{"self":[{"href":"https:\/\/www.radiopresidenteibanez.cl\/web\/wp-json\/wp\/v2\/posts\/19274","targetHints":{"allow":["GET"]}}],"collection":[{"href":"https:\/\/www.radiopresidenteibanez.cl\/web\/wp-json\/wp\/v2\/posts"}],"about":[{"href":"https:\/\/www.radiopresidenteibanez.cl\/web\/wp-json\/wp\/v2\/types\/post"}],"author":[{"embeddable":true,"href":"https:\/\/www.radiopresidenteibanez.cl\/web\/wp-json\/wp\/v2\/users\/2"}],"replies":[{"embeddable":true,"href":"https:\/\/www.radiopresidenteibanez.cl\/web\/wp-json\/wp\/v2\/comments?post=19274"}],"version-history":[{"count":0,"href":"https:\/\/www.radiopresidenteibanez.cl\/web\/wp-json\/wp\/v2\/posts\/19274\/revisions"}],"wp:featuredmedia":[{"embeddable":true,"href":"https:\/\/www.radiopresidenteibanez.cl\/web\/wp-json\/wp\/v2\/media\/6151"}],"wp:attachment":[{"href":"https:\/\/www.radiopresidenteibanez.cl\/web\/wp-json\/wp\/v2\/media?parent=19274"}],"wp:term":[{"taxonomy":"category","embeddable":true,"href":"https:\/\/www.radiopresidenteibanez.cl\/web\/wp-json\/wp\/v2\/categories?post=19274"},{"taxonomy":"post_tag","embeddable":true,"href":"https:\/\/www.radiopresidenteibanez.cl\/web\/wp-json\/wp\/v2\/tags?post=19274"}],"curies":[{"name":"wp","href":"https:\/\/api.w.org\/{rel}","templated":true}]}}