{"id":19271,"date":"2021-03-16T13:07:46","date_gmt":"2021-03-16T13:07:46","guid":{"rendered":"https:\/\/www.radiopresidenteibanez.cl\/web\/?p=19271"},"modified":"2021-03-16T13:07:51","modified_gmt":"2021-03-16T13:07:51","slug":"mujeres-destacadas-2021-se-reunieron-con-intendenta-jennifer-rojas-y-seremi-de-la-mujer-daisy-carrera","status":"publish","type":"post","link":"https:\/\/www.radiopresidenteibanez.cl\/web\/mujeres-destacadas-2021-se-reunieron-con-intendenta-jennifer-rojas-y-seremi-de-la-mujer-daisy-carrera\/","title":{"rendered":"MUJERES DESTACADAS 2021 SE REUNIERON CON INTENDENTA JENNIFER ROJAS Y SEREMI DE LA MUJER DAISY CARRERA."},"content":{"rendered":"\n<p>Continuando con las actividades correspondientes a la\nconmemoraci\u00f3n del D\u00eda Internacional de la Mujer las cinco mujeres destacadas\n2021 se reunieron con la Intendenta Regional Jennifer Rojas Garc\u00eda y la Seremi\nde la Mujer y la Equidad de G\u00e9nero Daisy Carrera Ocaranza en una amena\nactividad que permiti\u00f3 que las autoridades conozcan un poco m\u00e1s en detalle las\nactividades que desarrollan cada una de ellas.<\/p>\n\n\n\n<p>El encuentro se realiz\u00f3 en el Sal\u00f3n Nelda Panicucci de\nla Intendencia, donde se entregaron reconocimientos a las mujeres destacadas.&nbsp; En la oportunidad la Seremi de la Mujer Daisy\nCarrera agradeci\u00f3 la labor que desempe\u00f1a cada una de las mujeres en los\ndistintos \u00e1mbitos que cubren sus actividades.&nbsp;\nPor su parte la Intendenta Regional Jennifer Rojas dijo que es\nimportante relevar la tarea de estas mujeres que durante la pandemia han\ncontribuido, cada una en lo suyo, a reducir los efectos de la pandemia, ya sea\nen el \u00e1mbito social, cient\u00edfico, espiritual o de la salud.<\/p>\n\n\n\n<p>El a\u00f1o 2021 fueron reconocidas 5 mujeres en la Regi\u00f3n\nde Magallanes:<strong>Blanca Barrientos Andrade<\/strong>, pastora\nevang\u00e9lica durante 23 a\u00f1os, quien ha desarrollado labores de ayuda espiritual y\necon\u00f3mica a familias necesitadas.&nbsp; <strong>Claudia\nC\u00e1rdenas Gallardo<\/strong>, con 20 a\u00f1os de Dirigencia Social y Comunitaria en Punta\nArenas, usuaria en Programa Mujeres Jefas de Hogar, estudiante de Servicio\nSocial en Santo Tomas, siendo el 2018 alumna Sello. <strong>Carolina Gysling\nBrinkmann<\/strong>, fundadora del centro ecuestre Aires, cuyo objetivo es trabajar\npara mejorar la salud f\u00edsica y mental de ni\u00f1os y adultos, a trav\u00e9s de distintas\ndisciplinas ecuestres, como la equitaci\u00f3n deportiva, recreativa y terap\u00e9utica.&nbsp; <strong>Mirna Ramos Montiel<\/strong>, Profesora de\nEstado con menci\u00f3n en ingl\u00e9s, actualmente es la Jefa Provincial Magallanes de\nEducaci\u00f3n, dirigente del partido Renovaci\u00f3n Nacional, elegida por cuarta vez\ncomo Consejera Regional de la colectividad pol\u00edtica y <strong>Diana Schofield\nAstorga<\/strong>, Cient\u00edfica, Ingeniera en biotecnolog\u00eda de la Universidad Andr\u00e9s\nBello. Trabaja en el Centro Regional Fundaci\u00f3n Cequa como investigadora y\nencargada del Laboratorio de Gen\u00e9tica y Gen\u00f3mica. Desde el inicio de la\npandemia y hasta hoy integra el equipo de especialistas del Laboratorio\nRegional implementado para el diagn\u00f3stico de Covid-19.\n\n\n\n<\/p>\n","protected":false},"excerpt":{"rendered":"<p>Continuando con las actividades correspondientes a la conmemoraci\u00f3n del D\u00eda Internacional de la Mujer las cinco mujeres destacadas 2021 se reunieron con la Intendenta Regional Jennifer Rojas Garc\u00eda y la&#8230; <a class=\"read-more\" href=\"https:\/\/www.radiopresidenteibanez.cl\/web\/mujeres-destacadas-2021-se-reunieron-con-intendenta-jennifer-rojas-y-seremi-de-la-mujer-daisy-carrera\/\">Leer m\u00e1s<\/a><\/p>\n","protected":false},"author":2,"featured_media":19272,"comment_status":"closed","ping_status":"closed","sticky":false,"template":"","format":"standard","meta":{"footnotes":""},"categories":[1],"tags":[],"class_list":["post-19271","post","type-post","status-publish","format-standard","has-post-thumbnail","hentry","category-cronica"],"_links":{"self":[{"href":"https:\/\/www.radiopresidenteibanez.cl\/web\/wp-json\/wp\/v2\/posts\/19271","targetHints":{"allow":["GET"]}}],"collection":[{"href":"https:\/\/www.radiopresidenteibanez.cl\/web\/wp-json\/wp\/v2\/posts"}],"about":[{"href":"https:\/\/www.radiopresidenteibanez.cl\/web\/wp-json\/wp\/v2\/types\/post"}],"author":[{"embeddable":true,"href":"https:\/\/www.radiopresidenteibanez.cl\/web\/wp-json\/wp\/v2\/users\/2"}],"replies":[{"embeddable":true,"href":"https:\/\/www.radiopresidenteibanez.cl\/web\/wp-json\/wp\/v2\/comments?post=19271"}],"version-history":[{"count":0,"href":"https:\/\/www.radiopresidenteibanez.cl\/web\/wp-json\/wp\/v2\/posts\/19271\/revisions"}],"wp:featuredmedia":[{"embeddable":true,"href":"https:\/\/www.radiopresidenteibanez.cl\/web\/wp-json\/wp\/v2\/media\/19272"}],"wp:attachment":[{"href":"https:\/\/www.radiopresidenteibanez.cl\/web\/wp-json\/wp\/v2\/media?parent=19271"}],"wp:term":[{"taxonomy":"category","embeddable":true,"href":"https:\/\/www.radiopresidenteibanez.cl\/web\/wp-json\/wp\/v2\/categories?post=19271"},{"taxonomy":"post_tag","embeddable":true,"href":"https:\/\/www.radiopresidenteibanez.cl\/web\/wp-json\/wp\/v2\/tags?post=19271"}],"curies":[{"name":"wp","href":"https:\/\/api.w.org\/{rel}","templated":true}]}}