{"id":19266,"date":"2021-03-16T13:05:12","date_gmt":"2021-03-16T13:05:12","guid":{"rendered":"https:\/\/www.radiopresidenteibanez.cl\/web\/?p=19266"},"modified":"2021-03-16T13:05:17","modified_gmt":"2021-03-16T13:05:17","slug":"listo-para-ser-ley-quedo-proyecto-que-crea-la-red-de-proteccion-social","status":"publish","type":"post","link":"https:\/\/www.radiopresidenteibanez.cl\/web\/listo-para-ser-ley-quedo-proyecto-que-crea-la-red-de-proteccion-social\/","title":{"rendered":"LISTO PARA SER LEY QUED\u00d3 PROYECTO QUE CREA LA RED DE PROTECCI\u00d3N SOCIAL"},"content":{"rendered":"\n<p>Una nueva iniciativa en materia de protecci\u00f3n social fue anunciada por la Ministra de Desarrollo Social y Familia, Karla Rubilar, que busca institucionalizar la llamada Red de Protecci\u00f3n Social, como un sistema de coordinaci\u00f3n intersectorial para proteger a las familias frente a situaciones de vulnerabilidad.<\/p>\n\n\n\n<p>Hay que recordar que uno de los ejes de trabajo del gobierno del Presidente Sebasti\u00e1n Pi\u00f1era ha sido fortalecer a la clase media, debido a fragilidad que esta presenta por el aumento del costo de la vida, el elevado nivel de endeudamiento -que nos llev\u00f3 a ubicarnos como el segmento m\u00e1s endeudado seg\u00fan los pa\u00edses de la OCDE-, junto al temor e inseguridad que han provocado los procesos de automatizaci\u00f3n en el empleo.<\/p>\n\n\n\n<p>Es as\u00ed como este proyecto, aprobado en su tercer tr\u00e1mite en la C\u00e1mara de Diputadas y Diputados y listo para ser promulgado, faculta al Ministerio de Desarrollo Social y Familia para crear y dotar de institucionalidad a la Secretar\u00eda Ejecutiva de la Red de Protecci\u00f3n Social (RPS), organismo que coordinar\u00e1 intersectorialmente la oferta program\u00e1tica para enfrentar aquellos eventos adversos que pongan en riesgo la situaci\u00f3n familiar.<\/p>\n\n\n\n<p>Para la Seremi de Desarrollo Social y Familia de Magallanes y la Ant\u00e1rtica Chilena, Liz Casanueva, \u201cla invitaci\u00f3n es que la ciudadan\u00eda conozca este gran proyecto que viene a simplificar el acceso a la oferta program\u00e1tica del Estado, mediante la integraci\u00f3n de tr\u00e1mites asociados a los beneficios. Las acciones de nuestro Gobierno por proteger a la clase media radican en que este segmento ha aumentado considerablemente desde el a\u00f1o 2006 a 2017, desde un 43,2% hasta un 65,4 por ciento. A su vez, sabemos que el segmento de personas en situaci\u00f3n de pobreza por ingresos ha disminuido de 38,3% en 1990 a 8,6% en el 2017\u201d.<\/p>\n\n\n\n<p>Con el fin de simplificar el acceso a la Red de Protecci\u00f3n Social, la Subsecretar\u00eda de Servicios Sociales del Ministerio de Desarrollo Social y Familia implement\u00f3 un buscador para la plataforma&nbsp;<a href=\"http:\/\/www.proteccionsocial.gob.cl\/\" target=\"_blank\" rel=\"noreferrer noopener\">www.proteccionsocial.gob.cl<\/a>&nbsp;que filtra y focaliza las diversas ayudas sociales a las que pueden acceder los ciudadanos, seg\u00fan la informaci\u00f3n que entregue, pudiendo acceder a m\u00e1s de 100 beneficios sociales.<\/p>\n\n\n\n<p>Para entregar informaci\u00f3n a\u00fan m\u00e1s personalizada, los visitantes al sitio web podr\u00e1n escoger entre 10 categor\u00edas de inter\u00e9s: cesant\u00eda, subsidios de empleo, capacitaci\u00f3n, educaci\u00f3n superior, salud y bienestar, vivienda, pensiones, personas mayores y cuidados, beneficios monetarios y emprendimiento.<\/p>\n\n\n\n<p>En el 2019 la plataforma se adjudic\u00f3 el Premio Nacional de Innovaci\u00f3n Avonni 2019 en la categor\u00eda Innovaci\u00f3n P\u00fablica, premio honor\u00edfico desarrollado por la fundaci\u00f3n ForoInnovaci\u00f3n en conjunto con El Mercurio y Televisi\u00f3n Nacional de Chile, que busca visibilizar los casos de \u00e9xito que est\u00e1n creando valor mediante la innovaci\u00f3n en distintos rubros y categor\u00edas.<\/p>\n","protected":false},"excerpt":{"rendered":"<p>Una nueva iniciativa en materia de protecci\u00f3n social fue anunciada por la Ministra de Desarrollo Social y Familia, Karla Rubilar, que busca institucionalizar la llamada Red de Protecci\u00f3n Social, como&#8230; <a class=\"read-more\" href=\"https:\/\/www.radiopresidenteibanez.cl\/web\/listo-para-ser-ley-quedo-proyecto-que-crea-la-red-de-proteccion-social\/\">Leer m\u00e1s<\/a><\/p>\n","protected":false},"author":2,"featured_media":12611,"comment_status":"closed","ping_status":"closed","sticky":false,"template":"","format":"standard","meta":{"footnotes":""},"categories":[1],"tags":[],"class_list":["post-19266","post","type-post","status-publish","format-standard","has-post-thumbnail","hentry","category-cronica"],"_links":{"self":[{"href":"https:\/\/www.radiopresidenteibanez.cl\/web\/wp-json\/wp\/v2\/posts\/19266","targetHints":{"allow":["GET"]}}],"collection":[{"href":"https:\/\/www.radiopresidenteibanez.cl\/web\/wp-json\/wp\/v2\/posts"}],"about":[{"href":"https:\/\/www.radiopresidenteibanez.cl\/web\/wp-json\/wp\/v2\/types\/post"}],"author":[{"embeddable":true,"href":"https:\/\/www.radiopresidenteibanez.cl\/web\/wp-json\/wp\/v2\/users\/2"}],"replies":[{"embeddable":true,"href":"https:\/\/www.radiopresidenteibanez.cl\/web\/wp-json\/wp\/v2\/comments?post=19266"}],"version-history":[{"count":0,"href":"https:\/\/www.radiopresidenteibanez.cl\/web\/wp-json\/wp\/v2\/posts\/19266\/revisions"}],"wp:featuredmedia":[{"embeddable":true,"href":"https:\/\/www.radiopresidenteibanez.cl\/web\/wp-json\/wp\/v2\/media\/12611"}],"wp:attachment":[{"href":"https:\/\/www.radiopresidenteibanez.cl\/web\/wp-json\/wp\/v2\/media?parent=19266"}],"wp:term":[{"taxonomy":"category","embeddable":true,"href":"https:\/\/www.radiopresidenteibanez.cl\/web\/wp-json\/wp\/v2\/categories?post=19266"},{"taxonomy":"post_tag","embeddable":true,"href":"https:\/\/www.radiopresidenteibanez.cl\/web\/wp-json\/wp\/v2\/tags?post=19266"}],"curies":[{"name":"wp","href":"https:\/\/api.w.org\/{rel}","templated":true}]}}