{"id":19263,"date":"2021-03-16T13:03:52","date_gmt":"2021-03-16T13:03:52","guid":{"rendered":"https:\/\/www.radiopresidenteibanez.cl\/web\/?p=19263"},"modified":"2021-03-16T13:03:57","modified_gmt":"2021-03-16T13:03:57","slug":"el-agente-topo-hace-historia-como-el-primer-documental-chileno-en-ser-nominado-a-los-oscar","status":"publish","type":"post","link":"https:\/\/www.radiopresidenteibanez.cl\/web\/el-agente-topo-hace-historia-como-el-primer-documental-chileno-en-ser-nominado-a-los-oscar\/","title":{"rendered":"\u201cEL AGENTE TOPO\u201d HACE HISTORIA COMO EL PRIMER DOCUMENTAL CHILENO EN SER NOMINADO A LOS OSCAR"},"content":{"rendered":"\n<p>De la mano\ndel entra\u00f1able personaje de Sergio Chamy, a estas alturas conocido masivamente\ncomo don Sergio, la realizadora nacional Maite Alberdi alcanz\u00f3 esta ma\u00f1ana la\nprimera nominaci\u00f3n de un documental chileno a los premios Oscar, luego de que\nla Academia anunciara que \u201cEl agente topo\u201d, cinta que muestra c\u00f3mo un octogenario aprendiz de detective se infiltra en un\nasilo para descubrir cualquier posible irregularidad en el lugar, competir\u00e1\nen la categor\u00eda a Mejor Documental en la ceremonia del pr\u00f3ximo 25 de abril. <\/p>\n\n\n\n<p>Para la\nministra de las Culturas, las Artes y el Patrimonio, Consuelo Vald\u00e9s:\n\u00abEsta nominaci\u00f3n significa mayores posibilidades de visibilizaci\u00f3n para\nlos profesionales del \u00e1rea audiovisual y en particular para esta talentosa\nmujer creadora, quien desde la profundidad y naturalidad de su relato ha sido\ncapaz de conmover al p\u00fablico que desde distintas latitudes apuesta por su\ntriunfo y el del adorable don Sergio. Le deseamos mucho \u00e9xito a ella y a todo\nel equipo en este emocionante camino\u201d.<\/p>\n\n\n\n<p>Adem\u00e1s, la\nsecretaria de Estado agreg\u00f3 que \u201ccomo Ministerio de las Culturas seguiremos\napoyando a nuestros artistas y creadores, como hicimos con esta producci\u00f3n, a\ntrav\u00e9s del Fondo de Fomento Audiovisual y luego con recursos para su campa\u00f1a\npromocional para el Oscar y Goya\u00bb.<\/p>\n\n\n\n<p>La&nbsp; cinta de Alberdi, tambi\u00e9n\ndirectora de \u201cLa once\u201d y\n\u201cLos ni\u00f1os\u201d, cuenta la historia de R\u00f3mulo, un detective privado a quien\nse le encarg\u00f3 la misi\u00f3n de investigar el trato que recibe una mujer de edad en\nuna casa de reposo. Para esto, el investigador decide enviar a un infiltrado:\nSergio, un anciano de 83 a\u00f1os que nunca ha tenido alg\u00fan tipo de relaci\u00f3n con el\nespionaje, pero que deber\u00e1 convertirse en un Agente Topo. <\/p>\n\n\n\n<p>La nominaci\u00f3n de la\npel\u00edcula se produjo luego de que fuera seleccionada por una amplia mayor\u00eda de\nlos miembros de la Academia de Cine de Chile para representar al pa\u00eds en los\npremios Oscar, tal como lo hizo antes en los Goya. <\/p>\n","protected":false},"excerpt":{"rendered":"<p>De la mano del entra\u00f1able personaje de Sergio Chamy, a estas alturas conocido masivamente como don Sergio, la realizadora nacional Maite Alberdi alcanz\u00f3 esta ma\u00f1ana la primera nominaci\u00f3n de un&#8230; <a class=\"read-more\" href=\"https:\/\/www.radiopresidenteibanez.cl\/web\/el-agente-topo-hace-historia-como-el-primer-documental-chileno-en-ser-nominado-a-los-oscar\/\">Leer m\u00e1s<\/a><\/p>\n","protected":false},"author":2,"featured_media":19264,"comment_status":"closed","ping_status":"closed","sticky":false,"template":"","format":"standard","meta":{"footnotes":""},"categories":[1],"tags":[],"class_list":["post-19263","post","type-post","status-publish","format-standard","has-post-thumbnail","hentry","category-cronica"],"_links":{"self":[{"href":"https:\/\/www.radiopresidenteibanez.cl\/web\/wp-json\/wp\/v2\/posts\/19263","targetHints":{"allow":["GET"]}}],"collection":[{"href":"https:\/\/www.radiopresidenteibanez.cl\/web\/wp-json\/wp\/v2\/posts"}],"about":[{"href":"https:\/\/www.radiopresidenteibanez.cl\/web\/wp-json\/wp\/v2\/types\/post"}],"author":[{"embeddable":true,"href":"https:\/\/www.radiopresidenteibanez.cl\/web\/wp-json\/wp\/v2\/users\/2"}],"replies":[{"embeddable":true,"href":"https:\/\/www.radiopresidenteibanez.cl\/web\/wp-json\/wp\/v2\/comments?post=19263"}],"version-history":[{"count":0,"href":"https:\/\/www.radiopresidenteibanez.cl\/web\/wp-json\/wp\/v2\/posts\/19263\/revisions"}],"wp:featuredmedia":[{"embeddable":true,"href":"https:\/\/www.radiopresidenteibanez.cl\/web\/wp-json\/wp\/v2\/media\/19264"}],"wp:attachment":[{"href":"https:\/\/www.radiopresidenteibanez.cl\/web\/wp-json\/wp\/v2\/media?parent=19263"}],"wp:term":[{"taxonomy":"category","embeddable":true,"href":"https:\/\/www.radiopresidenteibanez.cl\/web\/wp-json\/wp\/v2\/categories?post=19263"},{"taxonomy":"post_tag","embeddable":true,"href":"https:\/\/www.radiopresidenteibanez.cl\/web\/wp-json\/wp\/v2\/tags?post=19263"}],"curies":[{"name":"wp","href":"https:\/\/api.w.org\/{rel}","templated":true}]}}