{"id":19259,"date":"2021-03-16T02:30:00","date_gmt":"2021-03-16T02:30:00","guid":{"rendered":"https:\/\/www.radiopresidenteibanez.cl\/web\/?p=19259"},"modified":"2021-03-15T14:54:29","modified_gmt":"2021-03-15T14:54:29","slug":"opd-provincial-continua-con-su-campana-de-recoleccion-de-libros-compartamos-letras","status":"publish","type":"post","link":"https:\/\/www.radiopresidenteibanez.cl\/web\/opd-provincial-continua-con-su-campana-de-recoleccion-de-libros-compartamos-letras\/","title":{"rendered":"OPD PROVINCIAL CONTIN\u00daA CON SU CAMPA\u00d1A DE RECOLECCI\u00d3N DE LIBROS \u201cCOMPARTAMOS LETRAS\u201d"},"content":{"rendered":"\n<p>Una excelente acogida ha\ntenido la campa\u00f1a&nbsp;de recolecci\u00f3n de libros&nbsp;que impulsa la Oficina de\nProtecci\u00f3n de Derechos (OPD) de ni\u00f1os, ni\u00f1as y adolescentes, (NNA) con el\nobjetivo de conmemorar el \u201cD\u00eda Internacional del libro infantil y juvenil\u201d el\npr\u00f3ximo 2 de abril, de una forma comprometida con la lectura, reconociendo en\n\u00e9sta, la importancia que tiene en la vida de cada persona cultivar este h\u00e1bito\ny de esa forma promover uno de los derechos elementales de ni\u00f1os, ni\u00f1as y\nadolescentes, que es el derecho a la educaci\u00f3n.<\/p>\n\n\n\n<p>En el recinto de Zona\nfranca Austral, uno de los puntos de recolecci\u00f3n, &nbsp;se llev\u00f3 a cabo la recepci\u00f3n de una importante\ndonaci\u00f3n de libros realizada por la librer\u00eda \u201cEntre P\u00e1ginas\u201d, su due\u00f1a, Norma\nFari\u00f1a, expres\u00f3 que \u201cla misi\u00f3n de nuestra librer\u00eda es difundir la cultura en la\nregi\u00f3n y la lectura hay que incentivarla desde muy peque\u00f1itos. Los resultados\nque se obtienen son muy positivos, por eso es que hay que acercar los libros a\nlos ni\u00f1os y por esa raz\u00f3n siempre estamos haciendo actividades relacionadas a\nla lectura\u201d.<\/p>\n\n\n\n<p>El gobernador provincial\nde Magallanes, agradeci\u00f3 la importante donaci\u00f3n, expresando que \u201capreciamos la\nmotivaci\u00f3n de las personas de \u201cEntre P\u00e1ginas\u201d con la campa\u00f1a de nuestra OPD\nprovincial. Compartir letras, como reza el nombre de la campa\u00f1a, es un acto\ngeneroso que contribuye y motiva a las personas, en este caso ni\u00f1os, ni\u00f1as y\nadolescentes, a incrementar la lectura. Estamos agradecidos por esta donaci\u00f3n y\nesperamos que la gente de Magallanes que tiene libros en su casa, se motive a\ncompartir esta importante fuente que abre las puertas al conocimiento\u201d<\/p>\n\n\n\n<p>La Seremi de las\nCulturas, Artes y Patrimonio, Katherine Ibacache, hizo un llamado a colaborar\ncon esta campa\u00f1a \u201cesperamos que toda la comunidad que tenga libros en su casa y\nque quiera compartir las letras con alguien m\u00e1s, lo haga. Est\u00e1n todas las\ncondiciones previstas para que la gente pueda donar libros y ayudar a\nincentivar la pasi\u00f3n por la lectura\u201d. Agreg\u00f3 que para las personas que se est\u00e1n\ncuidando en casa y quieren donar, pueden enviar un correo para que funcionarios\nde la OPD los puedan retirar.<\/p>\n\n\n\n<p>Rodolfo Guajardo, Jefe de\nGabinete de la gobernaci\u00f3n provincial, agradeci\u00f3 la posibilidad que entrega\nZona Franca Austral al facilitar el recinto para ser uno de los puntos de\nrecepci\u00f3n de los libros, reiterando el llamado a las personas a aportar con\nlibros, contribuyendo con esta campa\u00f1a que se extender\u00e1 hasta el 31 de marzo,\nexpresando que \u201cLa lectura de un libro abre un mundo de posibilidades y nuevos\nintereses\u201d.<\/p>\n\n\n\n<p>El psicopedagogo y\nEducador sociocomunitario de la OPD provincial hizo un llamado a la comunidad a\naportar con esta campa\u00f1a y a los padres a que \u201ctransmitan el amor por la\nlectura a sus hijos de una forma amigable, que la lectura no sea un castigo,\nque sea algo entretenido y que sea potenciada por libros que atraigan su\natenci\u00f3n\u201d.<\/p>\n\n\n\n<p>Adem\u00e1s del recinto de\nZona Franca Austral, los otros lugares de acopio son las oficinas de la OPD\nubicada en calle Primera Junta de Gobierno #0225, barrio 18 de septiembre, o en\nlas dependencias de la Gobernaci\u00f3n Provincial de Magallanes en Julio Roca #924,\nde lunes a viernes desde las 09:00 a 17:00hrs.<\/p>\n\n\n\n<p><strong>D\u00eda\nInternacional del Libro Infantil y Juvenil<\/strong><\/p>\n\n\n\n<p>Se celebra el 2 de abril,\ncoincidiendo con el natalicio del escritor dan\u00e9s&nbsp;Hans Christian\nAndersen&nbsp;y es esa fecha la que ha motivado a la Oficina de Protecci\u00f3n de\nDerechos de ni\u00f1os, ni\u00f1as y adolescentes (OPD), de la Gobernaci\u00f3n de Magallanes\na realizar la campa\u00f1a&nbsp;\u201cCompartamos letras\u201d, para reunir libros, con\nel&nbsp; fin \u00faltimo de&nbsp; despertar el inter\u00e9s por la lectura a trav\u00e9s de\nlos libros e incentivar a hacer de ello, un h\u00e1bito de vida.<\/p>\n","protected":false},"excerpt":{"rendered":"<p>Una excelente acogida ha tenido la campa\u00f1a&nbsp;de recolecci\u00f3n de libros&nbsp;que impulsa la Oficina de Protecci\u00f3n de Derechos (OPD) de ni\u00f1os, ni\u00f1as y adolescentes, (NNA) con el objetivo de conmemorar el&#8230; <a class=\"read-more\" href=\"https:\/\/www.radiopresidenteibanez.cl\/web\/opd-provincial-continua-con-su-campana-de-recoleccion-de-libros-compartamos-letras\/\">Leer m\u00e1s<\/a><\/p>\n","protected":false},"author":2,"featured_media":19260,"comment_status":"closed","ping_status":"closed","sticky":false,"template":"","format":"standard","meta":{"footnotes":""},"categories":[1],"tags":[],"class_list":["post-19259","post","type-post","status-publish","format-standard","has-post-thumbnail","hentry","category-cronica"],"_links":{"self":[{"href":"https:\/\/www.radiopresidenteibanez.cl\/web\/wp-json\/wp\/v2\/posts\/19259","targetHints":{"allow":["GET"]}}],"collection":[{"href":"https:\/\/www.radiopresidenteibanez.cl\/web\/wp-json\/wp\/v2\/posts"}],"about":[{"href":"https:\/\/www.radiopresidenteibanez.cl\/web\/wp-json\/wp\/v2\/types\/post"}],"author":[{"embeddable":true,"href":"https:\/\/www.radiopresidenteibanez.cl\/web\/wp-json\/wp\/v2\/users\/2"}],"replies":[{"embeddable":true,"href":"https:\/\/www.radiopresidenteibanez.cl\/web\/wp-json\/wp\/v2\/comments?post=19259"}],"version-history":[{"count":0,"href":"https:\/\/www.radiopresidenteibanez.cl\/web\/wp-json\/wp\/v2\/posts\/19259\/revisions"}],"wp:featuredmedia":[{"embeddable":true,"href":"https:\/\/www.radiopresidenteibanez.cl\/web\/wp-json\/wp\/v2\/media\/19260"}],"wp:attachment":[{"href":"https:\/\/www.radiopresidenteibanez.cl\/web\/wp-json\/wp\/v2\/media?parent=19259"}],"wp:term":[{"taxonomy":"category","embeddable":true,"href":"https:\/\/www.radiopresidenteibanez.cl\/web\/wp-json\/wp\/v2\/categories?post=19259"},{"taxonomy":"post_tag","embeddable":true,"href":"https:\/\/www.radiopresidenteibanez.cl\/web\/wp-json\/wp\/v2\/tags?post=19259"}],"curies":[{"name":"wp","href":"https:\/\/api.w.org\/{rel}","templated":true}]}}