{"id":19256,"date":"2021-03-16T02:15:00","date_gmt":"2021-03-16T02:15:00","guid":{"rendered":"https:\/\/www.radiopresidenteibanez.cl\/web\/?p=19256"},"modified":"2021-03-15T14:53:07","modified_gmt":"2021-03-15T14:53:07","slug":"ballet-folclorico-municipal-de-punta-arenas-inicio-ensayos-presenciales","status":"publish","type":"post","link":"https:\/\/www.radiopresidenteibanez.cl\/web\/ballet-folclorico-municipal-de-punta-arenas-inicio-ensayos-presenciales\/","title":{"rendered":"BALLET FOLCL\u00d3RICO MUNICIPAL DE PUNTA ARENAS INICI\u00d3 ENSAYOS PRESENCIALES"},"content":{"rendered":"\n<p>Luego de\npr\u00e1cticamente un a\u00f1o de trabajo virtual, el elenco estable del Ballet Folcl\u00f3rico\nMunicipal de Punta Arenas, dio por iniciada su temporada de trabajo art\u00edstico\n2021. Respetando todas las medidas sanitarias de acuerdo a los protocolos de\nsalud instaurados por la autoridad, el representativo comunal comenz\u00f3 a\nrealizar sus ensayos y pr\u00e1cticas presenciales, con el objetivo de seguir el\nproceso creativo de un nuevo montaje escenogr\u00e1fico, el que esperan estrenar a\nfines del segundo semestre.<\/p>\n\n\n\n<p>\u201cAfortunadamente,\nse han dado las condiciones sanitarias para que los bailarines del ballet\nfolcl\u00f3rico puedan retomar sus pr\u00e1cticas presenciales y ensayar de mejor manera,\nsiempre cumpliendo con las normativas existentes de practicar en un lugar\nabierto, para evitar cualquier inconveniente o contagio, dada la situaci\u00f3n de\npandemia en que nos encontramos\u201d, afirm\u00f3 la alcaldesa (s), Elena Blackwood.<\/p>\n\n\n\n<p>Es as\u00ed que,\ncon respecto al elenco de danza, se ha dispuesto un espacio en el frontis del\nCentro Cultural de nuestra ciudad en el que, adem\u00e1s de la toma de temperatura,\nse realiza un constante lavado de manos, se exige el uso de mascarillas, se\nrespeta aforo y distanciamiento entre bailarines.<\/p>\n\n\n\n<p>A su vez,\nel elenco de m\u00fasica, dirigido por el destacado docente, Cristian Fern\u00e1ndez, se\naboca al trabajo de grabaci\u00f3n de algunas piezas musicales, que ser\u00e1n parte del\nrepertorio de esta nueva obra.<\/p>\n\n\n\n<p>Oscar\nCarri\u00f3n, director general de Arte de la compa\u00f1\u00eda, agradeci\u00f3 el compromiso y\ndisposici\u00f3n por parte del municipio en generar los espacios que albergue el\ntrabajo sistem\u00e1tico del Ballet Folcl\u00f3rico Municipal. \u201cSe trata de un elenco que\naporta, desde las artes esc\u00e9nicas, al acceso y desarrollo art\u00edstico de nuestro\nterritorio, relevando la cultura tradicional y visibilizando el quehacer de una\ngran cantidad de artistas magall\u00e1nicos\u201d, indic\u00f3.<\/p>\n\n\n\n<p>Carri\u00f3n&nbsp; coment\u00f3 que \u201cse est\u00e1 trabajando con la obra\nart\u00edstica m\u00e1s reciente del elenco, denominada Sambos Caporales, cuyas\ncoreograf\u00edas se interpretan de manera individual e independiente, respetando\nas\u00ed el distanciamiento entre bailarines\u201d.<\/p>\n\n\n\n<p>Finalmente,\ndestac\u00f3 que el quehacer del elenco continuar\u00e1 con sus destacadas y constantes\nparticipaciones virtuales, en festivales nacionales e internacionales de\nfolclore, en seminarios de cultura tradicional y en foros organizados desde\nBrasil, acciones art\u00edsticas que le han abierto las puertas para ser representantes\nde nuestra regi\u00f3n y pa\u00eds, en diversos eventos folcl\u00f3ricos extranjeros.<\/p>\n","protected":false},"excerpt":{"rendered":"<p>Luego de pr\u00e1cticamente un a\u00f1o de trabajo virtual, el elenco estable del Ballet Folcl\u00f3rico Municipal de Punta Arenas, dio por iniciada su temporada de trabajo art\u00edstico 2021. Respetando todas las&#8230; <a class=\"read-more\" href=\"https:\/\/www.radiopresidenteibanez.cl\/web\/ballet-folclorico-municipal-de-punta-arenas-inicio-ensayos-presenciales\/\">Leer m\u00e1s<\/a><\/p>\n","protected":false},"author":2,"featured_media":19257,"comment_status":"closed","ping_status":"closed","sticky":false,"template":"","format":"standard","meta":{"footnotes":""},"categories":[1],"tags":[],"class_list":["post-19256","post","type-post","status-publish","format-standard","has-post-thumbnail","hentry","category-cronica"],"_links":{"self":[{"href":"https:\/\/www.radiopresidenteibanez.cl\/web\/wp-json\/wp\/v2\/posts\/19256","targetHints":{"allow":["GET"]}}],"collection":[{"href":"https:\/\/www.radiopresidenteibanez.cl\/web\/wp-json\/wp\/v2\/posts"}],"about":[{"href":"https:\/\/www.radiopresidenteibanez.cl\/web\/wp-json\/wp\/v2\/types\/post"}],"author":[{"embeddable":true,"href":"https:\/\/www.radiopresidenteibanez.cl\/web\/wp-json\/wp\/v2\/users\/2"}],"replies":[{"embeddable":true,"href":"https:\/\/www.radiopresidenteibanez.cl\/web\/wp-json\/wp\/v2\/comments?post=19256"}],"version-history":[{"count":0,"href":"https:\/\/www.radiopresidenteibanez.cl\/web\/wp-json\/wp\/v2\/posts\/19256\/revisions"}],"wp:featuredmedia":[{"embeddable":true,"href":"https:\/\/www.radiopresidenteibanez.cl\/web\/wp-json\/wp\/v2\/media\/19257"}],"wp:attachment":[{"href":"https:\/\/www.radiopresidenteibanez.cl\/web\/wp-json\/wp\/v2\/media?parent=19256"}],"wp:term":[{"taxonomy":"category","embeddable":true,"href":"https:\/\/www.radiopresidenteibanez.cl\/web\/wp-json\/wp\/v2\/categories?post=19256"},{"taxonomy":"post_tag","embeddable":true,"href":"https:\/\/www.radiopresidenteibanez.cl\/web\/wp-json\/wp\/v2\/tags?post=19256"}],"curies":[{"name":"wp","href":"https:\/\/api.w.org\/{rel}","templated":true}]}}