{"id":19254,"date":"2021-03-15T14:44:12","date_gmt":"2021-03-15T14:44:12","guid":{"rendered":"https:\/\/www.radiopresidenteibanez.cl\/web\/?p=19254"},"modified":"2021-03-15T14:44:17","modified_gmt":"2021-03-15T14:44:17","slug":"adios-en-marzo-por-ernesto-sepulveda-tornero","status":"publish","type":"post","link":"https:\/\/www.radiopresidenteibanez.cl\/web\/adios-en-marzo-por-ernesto-sepulveda-tornero\/","title":{"rendered":"\u00abADIOS EN MARZO\u00bb por Ernesto Sep\u00falveda Tornero"},"content":{"rendered":"\n<p>&nbsp;&nbsp;&nbsp;&nbsp;&nbsp;&nbsp;&nbsp;&nbsp;&nbsp;&nbsp;&nbsp;&nbsp;&nbsp;&nbsp;&nbsp;&nbsp;&nbsp;&nbsp;&nbsp;&nbsp;&nbsp;&nbsp;&nbsp;&nbsp;&nbsp;&nbsp;&nbsp;&nbsp;&nbsp;\nUn nuevo 11 de marzo ya pas\u00f3. La fecha que marca el ciclo anual de los\ngobiernos, y donde se miden los avances en sus compromisos. Para ser honestos,\ncreo que hace rato, ese bar\u00f3metro de la gesti\u00f3n, ha dejado de tener importancia\npara este gobierno. En su defensa se puede decir, que ha tenido que enfrentar\nun per\u00edodo de convulsi\u00f3n social, que no se conoc\u00eda desde los a\u00f1os 70\u2019. Este\ngobierno en particular, no estaba preparado para enfrentar el \u201cEstallido\nsocial\u201d de octubre de 2019. Otro gobierno de gerentes y de ingenieros, que se\nve sorprendido por las ciencias sociales. Queda una enorme duda, de si alguno\nde los gobiernos que lo precedieron, con una postura progresista o centro\nizquierdista, lo habr\u00eda hecho mejor. Pero, como esta columna es de an\u00e1lisis y\nno es un or\u00e1culo adivinatorio, dejemos establecido, de que nadie estaba\npreparado, para la magnitud, el alcance y masividad de octubre de 2019. Por\notra parte, y tambi\u00e9n abonando, a t\u00edtulo meramente explicativo, de la marcha\ndel gobierno a marzo de 2021. Existe, un gran par\u00e9ntesis, que suspendi\u00f3 toda\nposibilidad de cumplimiento, ni siquiera parcial, de los objetivos\ngubernamentales. Es una verdad mas grande que una catedral. La pandemia Covid,\nque se ha llevado a mas de 21 mil compatriotas, y ya suma 800 mil afectados, ha\nobligado a abocarse a lo principal, y lo principal es y seguir\u00e1 siendo,\nsobrevivir. Superar la pandemia, hacer todo lo que est\u00e1 a la mano, para evitar\nmas muertes, para reducirlas, y para aumentar los vacunados. <\/p>\n\n\n\n<p>&nbsp;&nbsp;&nbsp;&nbsp;&nbsp;&nbsp;&nbsp;&nbsp;&nbsp;&nbsp;&nbsp; Todo lo\nanterior, hace que el inicio del \u00faltimo a\u00f1o de mandato de Pi\u00f1era 2, quede\nmarcado m\u00e1s por las interrogantes que por las certezas. Mas all\u00e1 del esfuerzo\nsanitario tit\u00e1nico, que le correspondi\u00f3 liderar al gobierno, y tras el cual,\ntodos los chilenos, nos pusimos. La evaluaci\u00f3n general de la gesti\u00f3n pol\u00edtica,\nes deficiente. La lentitud en adoptar las medidas econ\u00f3micas, que aliviar\u00edan a\nlas familias. La derrota de tener que asumir dos retiros masivos de fondos\nprevisionales, y la amenaza de un tercero. Quiebra de empresas, cierre de\nlocales comerciales, restaurantes, desaparici\u00f3n de locales tradicionales por\ntodo el pa\u00eds. Sumado a lo anterior, la agudizaci\u00f3n de los problemas de orden y\nseguridad p\u00fablica, y acusaciones de violaci\u00f3n a los DDHH. Asimismo, la incapacidad\ncr\u00f3nica para comprender que las reivindicaciones del pueblo Mapuche, tienen\nfundamento, y deben atenderse por el estado de Chile. Y que la violencia, los\nataques incendiarios, quema de madera, de fundos y de veh\u00edculos, pueden\ncombatirse con todo el rigor de la ley, respetando el estado de derecho.<\/p>\n\n\n\n<p>&nbsp;&nbsp;&nbsp;&nbsp;&nbsp;&nbsp;&nbsp;&nbsp;&nbsp;&nbsp;&nbsp;&nbsp;&nbsp;&nbsp;&nbsp;&nbsp;&nbsp;&nbsp;&nbsp;&nbsp;&nbsp;&nbsp;&nbsp; Siendo\nalgo no deseado ni buscado, la elecci\u00f3n de constituyentes, y el inicio de\nsesiones de la Convenci\u00f3n constituyente, marcar\u00e1 al gobierno de Pi\u00f1era, como el\ngobierno en que el pueblo decidi\u00f3 terminar con la constituci\u00f3n de Pinochet. Una\niron\u00eda de la historia, es que su base electoral, su apoyo pol\u00edtico, provenga\nprecisamente de quienes medraron en dictadura. Incluso hoy d\u00eda, un ferveroso partidario\nde Pinochet, de su r\u00e9gimen y de su constituci\u00f3n, hoy anda travestido a social\ndem\u00f3crata. Como si la historia, se pudiera borrar, u olvidar, s\u00f3lo cambi\u00e1ndose\nde ropa. De alg\u00fan modo, tambi\u00e9n eso forma parte del Chile que todos queremos\nsuperar.<\/p>\n\n\n\n<p>&nbsp;&nbsp;&nbsp;&nbsp;&nbsp;&nbsp;&nbsp;&nbsp;&nbsp;&nbsp;&nbsp;&nbsp;&nbsp;&nbsp;&nbsp; Lo\nsingular de nuestra historia de estos d\u00edas, es que nos acercamos a un momento\ntrascendental. Donde la autenticidad de los proyectos y de las personas que se\npostulan, ser\u00e1 evaluado, ser\u00e1 medido. Pocos dimensionan la real magnitud de los\nacontecimientos que estamos protagonizando. Construir las bases de un nuevo\ncontrato social, de un nuevo entendimiento, no es tarea balad\u00ed. Es un momento\nhist\u00f3rico, y no podemos desaprovecharlo. Debemos concentrar todos nuestros\nesfuerzos en sacar adelante esta tarea, que se iniciar\u00e1 los d\u00edas 10 y 11 de\nabril. Se equivocan quienes piensan, que hay que seguir convocando a la gente a\nmanifestarse, mantener las calles encendidas. Eso s\u00f3lo generar\u00e1 temor, en\nquienes debemos convocar masivamente a las urnas. Todos los esfuerzos deben\norientarse a conseguir el mejor resultado electoral, que nos permita construir\nel pa\u00eds pr\u00f3spero, integrado e inclusivo que merecemos.<\/p>\n\n\n\n<p>&nbsp;&nbsp;&nbsp;&nbsp;&nbsp;&nbsp;&nbsp;&nbsp;&nbsp;&nbsp;&nbsp;&nbsp;&nbsp;&nbsp;&nbsp; No\nexiste una dicotom\u00eda entre un pa\u00eds con pleno respeto a los derechos humanos, y\nun pa\u00eds con estabilidad social, donde se respete el orden y la seguridad\np\u00fablica. As\u00ed como tampoco es antag\u00f3nico garantizar la libertad econ\u00f3mica,\nlibertad para emprender y desarrollarse, con un sistema que garantice derechos\nsociales, y establezca m\u00ednimos civilizatorios. <\/p>\n\n\n\n<p>&nbsp;&nbsp;&nbsp;&nbsp;&nbsp;&nbsp;&nbsp;&nbsp;&nbsp;&nbsp;&nbsp;&nbsp;&nbsp;&nbsp;&nbsp; Debemos\nconcentrar toda nuestra energ\u00eda vital, en el camino que viene, no en el que ya\nrecorrimos. Llegamos hasta aqu\u00ed, por una serie larga de procesos que se\nacumularon a\u00f1o tras a\u00f1o, somos herederos de quienes nos precedieron. Y seremos\nel eslab\u00f3n en la cadena, que nos unir\u00e1 al nuevo Chile que est\u00e1 por nacer. De\nnosotros depende, como vamos a entendernos, cuanto vamos a ser capaces de\nconciliar, de pactar, para llegar al mejor resultado para todos.<\/p>\n\n\n\n<p>&nbsp;&nbsp;&nbsp;&nbsp;&nbsp;&nbsp;&nbsp;&nbsp;&nbsp;&nbsp;&nbsp;&nbsp;&nbsp;&nbsp;&nbsp; Es\nun tiempo donde las habilidades blandas, el saber expresarse, saber conversar,\nson tan valiosas, como las destrezas t\u00e9cnicas, para saber los cuanto y los c\u00f3mo\nde cada cosa. La nueva constituci\u00f3n no ser\u00e1 obra de puros abogados\nconstitucionalistas, ni de puros pol\u00edticos profesionales. La variopinta gama de\ncandidatos, da cuenta de la diversidad y de la complejidad de la sociedad del\nsiglo XXI. Debemos aprender, sobre todo los de generaciones pret\u00e9ritas, la\ntolerancia, la inclusi\u00f3n, as\u00ed como la generaci\u00f3n actual, debe valorar lo\nconstruido por sus padres y abuelos. As\u00ed se construye un pa\u00eds, as\u00ed se organiza\nun pueblo, ejerciendo su derecho soberano a darse una nueva carta magna.<\/p>\n\n\n\n<p>&nbsp;&nbsp;&nbsp;&nbsp;&nbsp;&nbsp;&nbsp;&nbsp;&nbsp;&nbsp;&nbsp;&nbsp;&nbsp;&nbsp;&nbsp; Desde\nMagallanes, por la Regi\u00f3n que queremos, seremos due\u00f1os de nuestro propio\ndestino.<\/p>\n\n\n\n<p>Ernesto Sep\u00falveda Tornero<\/p>\n","protected":false},"excerpt":{"rendered":"<p>&nbsp;&nbsp;&nbsp;&nbsp;&nbsp;&nbsp;&nbsp;&nbsp;&nbsp;&nbsp;&nbsp;&nbsp;&nbsp;&nbsp;&nbsp;&nbsp;&nbsp;&nbsp;&nbsp;&nbsp;&nbsp;&nbsp;&nbsp;&nbsp;&nbsp;&nbsp;&nbsp;&nbsp;&nbsp; Un nuevo 11 de marzo ya pas\u00f3. La fecha que marca el ciclo anual de los gobiernos, y donde se miden los avances en sus compromisos. Para ser honestos,&#8230; <a class=\"read-more\" href=\"https:\/\/www.radiopresidenteibanez.cl\/web\/adios-en-marzo-por-ernesto-sepulveda-tornero\/\">Leer m\u00e1s<\/a><\/p>\n","protected":false},"author":2,"featured_media":2310,"comment_status":"closed","ping_status":"closed","sticky":false,"template":"","format":"standard","meta":{"footnotes":""},"categories":[1],"tags":[],"class_list":["post-19254","post","type-post","status-publish","format-standard","has-post-thumbnail","hentry","category-cronica"],"_links":{"self":[{"href":"https:\/\/www.radiopresidenteibanez.cl\/web\/wp-json\/wp\/v2\/posts\/19254","targetHints":{"allow":["GET"]}}],"collection":[{"href":"https:\/\/www.radiopresidenteibanez.cl\/web\/wp-json\/wp\/v2\/posts"}],"about":[{"href":"https:\/\/www.radiopresidenteibanez.cl\/web\/wp-json\/wp\/v2\/types\/post"}],"author":[{"embeddable":true,"href":"https:\/\/www.radiopresidenteibanez.cl\/web\/wp-json\/wp\/v2\/users\/2"}],"replies":[{"embeddable":true,"href":"https:\/\/www.radiopresidenteibanez.cl\/web\/wp-json\/wp\/v2\/comments?post=19254"}],"version-history":[{"count":0,"href":"https:\/\/www.radiopresidenteibanez.cl\/web\/wp-json\/wp\/v2\/posts\/19254\/revisions"}],"wp:featuredmedia":[{"embeddable":true,"href":"https:\/\/www.radiopresidenteibanez.cl\/web\/wp-json\/wp\/v2\/media\/2310"}],"wp:attachment":[{"href":"https:\/\/www.radiopresidenteibanez.cl\/web\/wp-json\/wp\/v2\/media?parent=19254"}],"wp:term":[{"taxonomy":"category","embeddable":true,"href":"https:\/\/www.radiopresidenteibanez.cl\/web\/wp-json\/wp\/v2\/categories?post=19254"},{"taxonomy":"post_tag","embeddable":true,"href":"https:\/\/www.radiopresidenteibanez.cl\/web\/wp-json\/wp\/v2\/tags?post=19254"}],"curies":[{"name":"wp","href":"https:\/\/api.w.org\/{rel}","templated":true}]}}