{"id":19248,"date":"2021-03-16T02:00:00","date_gmt":"2021-03-16T02:00:00","guid":{"rendered":"https:\/\/www.radiopresidenteibanez.cl\/web\/?p=19248"},"modified":"2021-03-15T14:39:41","modified_gmt":"2021-03-15T14:39:41","slug":"municipio-de-natales-da-solucion-definitiva-al-manejo-de-los-residuos-domiciliarios-en-puerto-eden","status":"publish","type":"post","link":"https:\/\/www.radiopresidenteibanez.cl\/web\/municipio-de-natales-da-solucion-definitiva-al-manejo-de-los-residuos-domiciliarios-en-puerto-eden\/","title":{"rendered":"MUNICIPIO DE NATALES DA SOLUCI\u00d3N DEFINITIVA AL MANEJO DE LOS RESIDUOS DOMICILIARIOS EN PUERTO ED\u00c9N"},"content":{"rendered":"\n<p>De acuerdo al plan\nestrat\u00e9gico ambiental del departamento de medioambiente, aseo y ornato de la\nMunicipalidad de Natales, se puso en marcha la recolecci\u00f3n y extracci\u00f3n de\nresiduos domiciliarios de Puerto Ed\u00e9n hacia la ciudad de Puerto Natales, con la\nfinalidad de terminar con el dep\u00f3sito de basura en la isla Salamandra. <\/p>\n\n\n\n<p>La log\u00edstica\nde recolectar y transportar los residuos desde la apartada localidad de Puerto\nEd\u00e9n, tiene como finalidad entregar una soluci\u00f3n viable para que el impacto\nambiental adverso no se siga propagando y origine da\u00f1os al fiordo, flora y fauna\nque rodean el sector. <\/p>\n\n\n\n<p>El alcalde de\nNatales, Fernando Paredes Mansilla, entreg\u00f3 m\u00e1s detalles respecto al trabajo\nque se est\u00e1 realizando en la zona, \u201cla Isla Salamandra pertenece a la\nCorporaci\u00f3n Nacional Forestal y en un trabajo en conjunto con nuestro\nmunicipio, se establece que CONAF va a solicitar una declaraci\u00f3n de impacto\nambiental para poder hacer un trabajo de limpieza de esta isla y posteriormente,\nnosotros como municipio nos comprometemos a presentar un proyecto para\nfinanciar una embarcaci\u00f3n con un tractor y hacer una faena de limpieza con la\nfinalidad de descontaminar este lugar natural\u201d. <\/p>\n\n\n\n<p>Esta\niniciativa municipal responde a una problem\u00e1tica ambiental que afecta a la zona\nubicada en el extremo norte de la Provincia de \u00daltima Esperanza,\naproximadamente a 27 horas de navegaci\u00f3n. A su vez, ayuda a los &nbsp;habitantes de la isla a subsanar la necesidad\nde poder deshacerse de sus desechos en un recept\u00e1culo especialmente destinado y\nconstruido para esa finalidad. <\/p>\n\n\n\n<p>La m\u00e1xima\nautoridad comunal, inform\u00f3 sobre la gesti\u00f3n e inversi\u00f3n del trabajo ambiental\nque se est\u00e1 llevando a cabo en la localidad, \u201chemos adquirido 20 contenedores\npero no son&nbsp; comunes y corriente, estos\nse mandaron a fabricar especialmente para el traslado de basura desde Puerto\nEd\u00e9n a Puerto Natales. Vamos a iniciar un proceso de trasladar la basura dentro\ndel mes de marzo que vendr\u00e1 en el ferry de TABSA y a partir de ah\u00ed, aquellos\nresiduos domiciliarios terminar\u00e1n en el vertedero municipal de Natales y\nfuturamente en el relleno sanitario que pronto iniciar\u00e1 su funcionamiento\u201d. <\/p>\n\n\n\n<p>Los\nprofesionales del departamento municipal de medioambiente han hecho varias\nvisitas a la localidad, de tal manera de contar con todas las medidas para el\nbuen funcionamiento de la recolecci\u00f3n de los residuos domiciliarios de Puerto\nEd\u00e9n.<\/p>\n\n\n\n<p>Finalmente, el\njefe comunal entreg\u00f3 un especial agradecimiento al Gobierno Regional de\nMagallanes que ha entregado los recursos para poder llevar a cabo la soluci\u00f3n\nconcreta y viable a los habitantes de Puerto Ed\u00e9n y el fin del dep\u00f3sito de\nbasura en la Isla Salamandra. <\/p>\n","protected":false},"excerpt":{"rendered":"<p>De acuerdo al plan estrat\u00e9gico ambiental del departamento de medioambiente, aseo y ornato de la Municipalidad de Natales, se puso en marcha la recolecci\u00f3n y extracci\u00f3n de residuos domiciliarios de&#8230; <a class=\"read-more\" href=\"https:\/\/www.radiopresidenteibanez.cl\/web\/municipio-de-natales-da-solucion-definitiva-al-manejo-de-los-residuos-domiciliarios-en-puerto-eden\/\">Leer m\u00e1s<\/a><\/p>\n","protected":false},"author":2,"featured_media":19249,"comment_status":"closed","ping_status":"closed","sticky":false,"template":"","format":"standard","meta":{"footnotes":""},"categories":[1],"tags":[],"class_list":["post-19248","post","type-post","status-publish","format-standard","has-post-thumbnail","hentry","category-cronica"],"_links":{"self":[{"href":"https:\/\/www.radiopresidenteibanez.cl\/web\/wp-json\/wp\/v2\/posts\/19248","targetHints":{"allow":["GET"]}}],"collection":[{"href":"https:\/\/www.radiopresidenteibanez.cl\/web\/wp-json\/wp\/v2\/posts"}],"about":[{"href":"https:\/\/www.radiopresidenteibanez.cl\/web\/wp-json\/wp\/v2\/types\/post"}],"author":[{"embeddable":true,"href":"https:\/\/www.radiopresidenteibanez.cl\/web\/wp-json\/wp\/v2\/users\/2"}],"replies":[{"embeddable":true,"href":"https:\/\/www.radiopresidenteibanez.cl\/web\/wp-json\/wp\/v2\/comments?post=19248"}],"version-history":[{"count":0,"href":"https:\/\/www.radiopresidenteibanez.cl\/web\/wp-json\/wp\/v2\/posts\/19248\/revisions"}],"wp:featuredmedia":[{"embeddable":true,"href":"https:\/\/www.radiopresidenteibanez.cl\/web\/wp-json\/wp\/v2\/media\/19249"}],"wp:attachment":[{"href":"https:\/\/www.radiopresidenteibanez.cl\/web\/wp-json\/wp\/v2\/media?parent=19248"}],"wp:term":[{"taxonomy":"category","embeddable":true,"href":"https:\/\/www.radiopresidenteibanez.cl\/web\/wp-json\/wp\/v2\/categories?post=19248"},{"taxonomy":"post_tag","embeddable":true,"href":"https:\/\/www.radiopresidenteibanez.cl\/web\/wp-json\/wp\/v2\/tags?post=19248"}],"curies":[{"name":"wp","href":"https:\/\/api.w.org\/{rel}","templated":true}]}}