{"id":19242,"date":"2021-03-15T04:15:00","date_gmt":"2021-03-15T04:15:00","guid":{"rendered":"https:\/\/www.radiopresidenteibanez.cl\/web\/?p=19242"},"modified":"2021-03-14T20:18:19","modified_gmt":"2021-03-14T20:18:19","slug":"destacan-promulgacion-de-ley-que-permite-el-desarrollo-de-las-proximas-elecciones-en-dos-dias","status":"publish","type":"post","link":"https:\/\/www.radiopresidenteibanez.cl\/web\/destacan-promulgacion-de-ley-que-permite-el-desarrollo-de-las-proximas-elecciones-en-dos-dias\/","title":{"rendered":"DESTACAN PROMULGACI\u00d3N DE LEY QUE PERMITE EL DESARROLLO DE LAS PR\u00d3XIMAS ELECCIONES EN DOS D\u00cdAS"},"content":{"rendered":"\n<p>El pr\u00f3ximo 10 y 11 de abril se\nllevar\u00e1 a cabo un proceso eleccionario hist\u00f3rico para el pa\u00eds y para Magallanes:\nla primera elecci\u00f3n de gobernadores regionales y de convencionales\nconstituyentes, adem\u00e1s de la elecci\u00f3n municipal. <\/p>\n\n\n\n<p>Es por esto que el Gobierno promulg\u00f3\ndos reformas constitucionales para que el desarrollo c\u00edvico sea seguro para los\nciudadanos y pluralista. Ante esto, la Intendenta regional, Jenniffer Rojas, destac\u00f3\nlas medidas que permitir\u00e1n el desarrollo del proceso eleccionario en dos d\u00edas y\nque otorga m\u00e1s tiempo de participaci\u00f3n en la franja electoral a los candidatos\nindependientes: <em>\u201cEl Presidente Sebasti\u00e1n\nPi\u00f1era promulg\u00f3 hoy la reforma constitucional que permite que las pr\u00f3ximas\nelecciones se desarrollen en dos d\u00edas, el s\u00e1bado 10 y el domingo 11 de abril,\notorgando un periodo mayor de tiempo para que los ciudadanos puedan sufragar\nseguros y tranquilos, solo uno de esos dos d\u00edas\u201d, dijo la Intendenta Rojas.<\/em><\/p>\n\n\n\n<p>La primera autoridad regional manifest\u00f3, adem\u00e1s, que \u201c<em>esta modalidad es in\u00e9dita en el pa\u00eds, y\npermite entregar las garant\u00edas a todos los ciudadanos que van a poder sufragar,\nya que, por una parte, la gran cantidad de candidatos y votos, necesariamente\nhar\u00e1n el proceso m\u00e1s lento y, por otra parte, la pandemia, nos obliga a tomar\nresguardos para evitar aglomeraciones y asegurar el distanciamiento f\u00edsico\u201d. <\/em><\/p>\n\n\n\n<p><em>&nbsp;Sobre la modalidad en que se realizar\u00e1\neste hist\u00f3rico proceso, la primera autoridad regional Jenniffer Rojas acot\u00f3: \u201cEs\nimportante recordar que las urnas quedar\u00e1n la noche del s\u00e1bado selladas en los\nlocales de votaci\u00f3n, y en custodia de las Fuerzas Armadas. El domingo ser\u00e1n\ndevueltas a las mesas, se retirar\u00e1 el sello y se retomar\u00e1 el proceso de\nsufragio. El conteo de votos se llevar\u00e1 a cabo el mismo domingo 11 de abril\u201d.<\/em><\/p>\n\n\n\n<p>Por su parte, la seremi de\nGobierno, Alejandra Mu\u00f1oz, valor\u00f3 la modificaci\u00f3n que se efectu\u00f3 a la franja\nelectoral para dar mayor espacio a los candidatos independientes, porque en\ndefinitiva esto se traduce en que los ciudadanos podr\u00e1n contar con mayor\ninformaci\u00f3n a la hora de sufragar.<\/p>\n\n\n\n<p><em>\u201cQuiero destacar la ley 18.700 que reforma la franja\nelectoral para un mayor pluralismo pol\u00edtico y tambi\u00e9n para un voto informado.\nAsimismo, hay que destacar la colaboraci\u00f3n y el compromiso democr\u00e1tico del\nPoder Ejecutivo y el Congrego Nacional que despacharon una medida que asegura\nuna distribuci\u00f3n justa para la cantidad de independientes que se postulan a esta\nhist\u00f3rica elecci\u00f3n de convencionales constituyente, que va a mantener la\nimportancia de los partidos pol\u00edticos para promover sus propias candidaturas en\nla l\u00ednea del fortalecimiento de nuestras instituciones democr\u00e1ticas\u201d<\/em>,\nmanifest\u00f3 la autoridad regional.<\/p>\n\n\n\n<p>Mu\u00f1oz detall\u00f3 que \u201c<em>por lo tanto, la franja electoral se\nva a transmitir entre el d\u00eda 12 de marzo y 8 de abril de 2021, ambos d\u00edas\ninclusive, el tiempo total de la franja se va a distribuir en dos bloques, el\nprimero a las 12.45 horas, y el segundo a las 20.45 horas, teniendo la\nsiguiente composici\u00f3n: El tiempo de las listas y partidos pol\u00edticos tendr\u00e1 un\ntotal de 26 minutos con 6 segundos, en cuanto a las candidaturas independientes\nser\u00e1n 8 minutos con 48 segundos, y por \u00faltimo las candidaturas de esca\u00f1os\nreservados para pueblos ind\u00edgenas tendr\u00e1 un total de 3 minutos con 54 segundos<\/em>\u201d.<\/p>\n\n\n\n<p>Ambas autoridades llamaron a la comunidad a participar de\neste proceso eleccionario, donde personas de tercera edad, en situaci\u00f3n de\ndiscapacidad, embarazadas y enfermos cr\u00f3nicos, tendr\u00e1n preferencia a la hora de\nvotar, no debiendo realizar filas.<\/p>\n","protected":false},"excerpt":{"rendered":"<p>El pr\u00f3ximo 10 y 11 de abril se llevar\u00e1 a cabo un proceso eleccionario hist\u00f3rico para el pa\u00eds y para Magallanes: la primera elecci\u00f3n de gobernadores regionales y de convencionales&#8230; <a class=\"read-more\" href=\"https:\/\/www.radiopresidenteibanez.cl\/web\/destacan-promulgacion-de-ley-que-permite-el-desarrollo-de-las-proximas-elecciones-en-dos-dias\/\">Leer m\u00e1s<\/a><\/p>\n","protected":false},"author":2,"featured_media":19243,"comment_status":"closed","ping_status":"closed","sticky":false,"template":"","format":"standard","meta":{"footnotes":""},"categories":[1],"tags":[],"class_list":["post-19242","post","type-post","status-publish","format-standard","has-post-thumbnail","hentry","category-cronica"],"_links":{"self":[{"href":"https:\/\/www.radiopresidenteibanez.cl\/web\/wp-json\/wp\/v2\/posts\/19242","targetHints":{"allow":["GET"]}}],"collection":[{"href":"https:\/\/www.radiopresidenteibanez.cl\/web\/wp-json\/wp\/v2\/posts"}],"about":[{"href":"https:\/\/www.radiopresidenteibanez.cl\/web\/wp-json\/wp\/v2\/types\/post"}],"author":[{"embeddable":true,"href":"https:\/\/www.radiopresidenteibanez.cl\/web\/wp-json\/wp\/v2\/users\/2"}],"replies":[{"embeddable":true,"href":"https:\/\/www.radiopresidenteibanez.cl\/web\/wp-json\/wp\/v2\/comments?post=19242"}],"version-history":[{"count":0,"href":"https:\/\/www.radiopresidenteibanez.cl\/web\/wp-json\/wp\/v2\/posts\/19242\/revisions"}],"wp:featuredmedia":[{"embeddable":true,"href":"https:\/\/www.radiopresidenteibanez.cl\/web\/wp-json\/wp\/v2\/media\/19243"}],"wp:attachment":[{"href":"https:\/\/www.radiopresidenteibanez.cl\/web\/wp-json\/wp\/v2\/media?parent=19242"}],"wp:term":[{"taxonomy":"category","embeddable":true,"href":"https:\/\/www.radiopresidenteibanez.cl\/web\/wp-json\/wp\/v2\/categories?post=19242"},{"taxonomy":"post_tag","embeddable":true,"href":"https:\/\/www.radiopresidenteibanez.cl\/web\/wp-json\/wp\/v2\/tags?post=19242"}],"curies":[{"name":"wp","href":"https:\/\/api.w.org\/{rel}","templated":true}]}}