{"id":19239,"date":"2021-03-15T04:00:00","date_gmt":"2021-03-15T04:00:00","guid":{"rendered":"https:\/\/www.radiopresidenteibanez.cl\/web\/?p=19239"},"modified":"2021-03-14T20:12:21","modified_gmt":"2021-03-14T20:12:21","slug":"con-jornada-de-charlas-este-lunes-conaf-celebra-dia-internacional-de-los-bosques","status":"publish","type":"post","link":"https:\/\/www.radiopresidenteibanez.cl\/web\/con-jornada-de-charlas-este-lunes-conaf-celebra-dia-internacional-de-los-bosques\/","title":{"rendered":"CON JORNADA  DE CHARLAS ESTE LUNES CONAF CELEBRA D\u00cdA INTERNACIONAL DE LOS BOSQUES"},"content":{"rendered":"\n<p>\n\nCon una jornada virtual de charlas sobre los bosques de Magallanes, la Corporaci\u00f3n Nacional Forestal (CONAF) en Magallanes celebra este lunes&nbsp; 21 de marzo el D\u00eda Internacional de los Bosques, fecha decretada por la ONU el a\u00f1o 2012.<br>La jornada cuenta con la colaboraci\u00f3n de Wildlife Conservation Society (WCS) y proyecto GEF Castor es abierta al p\u00fablico en general, siendo el link para conectarse:ht:\/\/<a href=\"http:\/\/meet.google.com\/fjn-nrxz-eym\" target=\"_blank\" rel=\"noreferrer noopener\">meet.google.com\/fjn-nrxz-eym<\/a><\/p>\n\n\n\n<p>La actividad se inicia a las 15:00 hrs. con las palabras del Jefe del Departamento de \u00c1reas Silvestres Protegidas de CONAF, Mauricio Ruiz, para proseguir con la exposici\u00f3n de los siguientes temas&nbsp; \u00abIntroducci\u00f3n a los bosques de Magallanes\u00bb&nbsp; a cargo&nbsp;de Rafael Contreras, profesional de Fiscalizaci\u00f3n Forestal de CONAF; \u00abLos bosques de Karukinka: Un espacio para la ciencia, el manejo y para ser feliz\u00bb&nbsp; a cargo de Melissa Carmody, Coordinadora del Parque Karukinka (WCS); \u00abHacia la conservaci\u00f3n de ecosistemas de la Patagonia amenazados por el castor\u00bb Felipe Guerra, Coordinador Nacional &nbsp;del Proyecto GEF Castor; y finalmente, \u00abRestauraci\u00f3n ecol\u00f3gica de las \u00e1reas afectadas por incendios forestales en el Parque Nacional Torres del Paine\u00bb a cargo de Patricio Salinas, Encargado Regional de Restauraci\u00f3n Ecol\u00f3gica de CONAF.<br>La Asamblea General de la ONU aprob\u00f3 en diciembre de 2012 una resoluci\u00f3n en la que declar\u00f3 el 21 de marzo como el D\u00eda Internacional de los Bosques. Pero ten\u00edamos precedentes. El D\u00eda Internacional de los Bosques o D\u00eda Forestal Mundial fue una recomendaci\u00f3n del Congreso Forestal Mundial que se celebr\u00f3 en Roma en 1969, y que fue aceptada por la Organizaci\u00f3n de Naciones Unidas para la Agricultura y la Alimentaci\u00f3n (FAO) en 1971.<br>&#8212;\n\n<\/p>\n","protected":false},"excerpt":{"rendered":"<p>Con una jornada virtual de charlas sobre los bosques de Magallanes, la Corporaci\u00f3n Nacional Forestal (CONAF) en Magallanes celebra este lunes&nbsp; 21 de marzo el D\u00eda Internacional de los Bosques,&#8230; <a class=\"read-more\" href=\"https:\/\/www.radiopresidenteibanez.cl\/web\/con-jornada-de-charlas-este-lunes-conaf-celebra-dia-internacional-de-los-bosques\/\">Leer m\u00e1s<\/a><\/p>\n","protected":false},"author":2,"featured_media":19240,"comment_status":"closed","ping_status":"closed","sticky":false,"template":"","format":"standard","meta":{"footnotes":""},"categories":[1],"tags":[],"class_list":["post-19239","post","type-post","status-publish","format-standard","has-post-thumbnail","hentry","category-cronica"],"_links":{"self":[{"href":"https:\/\/www.radiopresidenteibanez.cl\/web\/wp-json\/wp\/v2\/posts\/19239","targetHints":{"allow":["GET"]}}],"collection":[{"href":"https:\/\/www.radiopresidenteibanez.cl\/web\/wp-json\/wp\/v2\/posts"}],"about":[{"href":"https:\/\/www.radiopresidenteibanez.cl\/web\/wp-json\/wp\/v2\/types\/post"}],"author":[{"embeddable":true,"href":"https:\/\/www.radiopresidenteibanez.cl\/web\/wp-json\/wp\/v2\/users\/2"}],"replies":[{"embeddable":true,"href":"https:\/\/www.radiopresidenteibanez.cl\/web\/wp-json\/wp\/v2\/comments?post=19239"}],"version-history":[{"count":0,"href":"https:\/\/www.radiopresidenteibanez.cl\/web\/wp-json\/wp\/v2\/posts\/19239\/revisions"}],"wp:featuredmedia":[{"embeddable":true,"href":"https:\/\/www.radiopresidenteibanez.cl\/web\/wp-json\/wp\/v2\/media\/19240"}],"wp:attachment":[{"href":"https:\/\/www.radiopresidenteibanez.cl\/web\/wp-json\/wp\/v2\/media?parent=19239"}],"wp:term":[{"taxonomy":"category","embeddable":true,"href":"https:\/\/www.radiopresidenteibanez.cl\/web\/wp-json\/wp\/v2\/categories?post=19239"},{"taxonomy":"post_tag","embeddable":true,"href":"https:\/\/www.radiopresidenteibanez.cl\/web\/wp-json\/wp\/v2\/tags?post=19239"}],"curies":[{"name":"wp","href":"https:\/\/api.w.org\/{rel}","templated":true}]}}