{"id":19236,"date":"2021-03-15T03:45:00","date_gmt":"2021-03-15T03:45:00","guid":{"rendered":"https:\/\/www.radiopresidenteibanez.cl\/web\/?p=19236"},"modified":"2021-03-14T20:07:14","modified_gmt":"2021-03-14T20:07:14","slug":"concejal-soler-se-licitara-diseno-para-la-instalacion-de-la-farmacia-comunal-en-el-edificio-de-colon-con-bories","status":"publish","type":"post","link":"https:\/\/www.radiopresidenteibanez.cl\/web\/concejal-soler-se-licitara-diseno-para-la-instalacion-de-la-farmacia-comunal-en-el-edificio-de-colon-con-bories\/","title":{"rendered":"CONCEJAL SOLER, SE LICITAR\u00c1 DISE\u00d1O PARA LA INSTALACI\u00d3N DE LA FARMACIA COMUNAL EN EL EDIFICIO DE COLON CON BORIES"},"content":{"rendered":"\n<p>En Sesi\u00f3n Ordinaria de Concejo Municipal de Punta Arenas N\u00b0 161 de fecha 10 de marzo de 2021, &nbsp;el Concejal Alejandro Soler Gutierrez &nbsp;&nbsp;solicito al Alcalde don Claudio Radonich Jim\u00e9nez, se informe sobre el &nbsp;estado de Avance del Proyecto de la Farmacia Comunal Centro, consulta derivada al Director Obras Municipales don Alex Saldivia, quien respondi\u00f3 que dentro del dise\u00f1o para la reposici\u00f3n y acondicionamiento del Edificio Municipal de calle Colon con Bories, &nbsp;se encuentra considerada la instalaci\u00f3n de la Farmacia Comunal Centro, dise\u00f1os que se licitaran por oferta p\u00fablica en el pr\u00f3ximo mes de abril. &nbsp;<\/p>\n\n\n\n<p>Para el edil Soler este es un anuncio relevante, ya que es el primer paso para concretar este importante proyecto para el mejoramiento de la salud de todos los vecinos de Punta Arenas, y con ello, en definitiva contar con una Farmacia Comunal Centro en el Edificio de Colon con Bories, exactamente en la infraestructura color naranja del costado poniente del inmueble, y de esta forma entregar medicamente a precios econ\u00f3micos, en una de &nbsp;los principales lugares se concurrencia de vecinos en la ciudad.&nbsp;<\/p>\n\n\n\n<p>El Concejal Soler, &nbsp;ya &nbsp;&nbsp;hab\u00eda &nbsp;solicitado en el mes de octubre de 2020 a la Comisi\u00f3n de Salud del Consejo Municipal, que se considere en el Plan de Salud Comunal 2021, la instalaci\u00f3n de una Farmacia Comunal en el Edificio ubicado en la esquina de Avenida Colon con Calle Bories.&nbsp;<\/p>\n","protected":false},"excerpt":{"rendered":"<p>En Sesi\u00f3n Ordinaria de Concejo Municipal de Punta Arenas N\u00b0 161 de fecha 10 de marzo de 2021, &nbsp;el Concejal Alejandro Soler Gutierrez &nbsp;&nbsp;solicito al Alcalde don Claudio Radonich Jim\u00e9nez,&#8230; <a class=\"read-more\" href=\"https:\/\/www.radiopresidenteibanez.cl\/web\/concejal-soler-se-licitara-diseno-para-la-instalacion-de-la-farmacia-comunal-en-el-edificio-de-colon-con-bories\/\">Leer m\u00e1s<\/a><\/p>\n","protected":false},"author":2,"featured_media":19237,"comment_status":"closed","ping_status":"closed","sticky":false,"template":"","format":"standard","meta":{"footnotes":""},"categories":[1],"tags":[],"class_list":["post-19236","post","type-post","status-publish","format-standard","has-post-thumbnail","hentry","category-cronica"],"_links":{"self":[{"href":"https:\/\/www.radiopresidenteibanez.cl\/web\/wp-json\/wp\/v2\/posts\/19236","targetHints":{"allow":["GET"]}}],"collection":[{"href":"https:\/\/www.radiopresidenteibanez.cl\/web\/wp-json\/wp\/v2\/posts"}],"about":[{"href":"https:\/\/www.radiopresidenteibanez.cl\/web\/wp-json\/wp\/v2\/types\/post"}],"author":[{"embeddable":true,"href":"https:\/\/www.radiopresidenteibanez.cl\/web\/wp-json\/wp\/v2\/users\/2"}],"replies":[{"embeddable":true,"href":"https:\/\/www.radiopresidenteibanez.cl\/web\/wp-json\/wp\/v2\/comments?post=19236"}],"version-history":[{"count":0,"href":"https:\/\/www.radiopresidenteibanez.cl\/web\/wp-json\/wp\/v2\/posts\/19236\/revisions"}],"wp:featuredmedia":[{"embeddable":true,"href":"https:\/\/www.radiopresidenteibanez.cl\/web\/wp-json\/wp\/v2\/media\/19237"}],"wp:attachment":[{"href":"https:\/\/www.radiopresidenteibanez.cl\/web\/wp-json\/wp\/v2\/media?parent=19236"}],"wp:term":[{"taxonomy":"category","embeddable":true,"href":"https:\/\/www.radiopresidenteibanez.cl\/web\/wp-json\/wp\/v2\/categories?post=19236"},{"taxonomy":"post_tag","embeddable":true,"href":"https:\/\/www.radiopresidenteibanez.cl\/web\/wp-json\/wp\/v2\/tags?post=19236"}],"curies":[{"name":"wp","href":"https:\/\/api.w.org\/{rel}","templated":true}]}}