{"id":19228,"date":"2021-03-15T03:00:00","date_gmt":"2021-03-15T03:00:00","guid":{"rendered":"https:\/\/www.radiopresidenteibanez.cl\/web\/?p=19228"},"modified":"2021-03-14T19:54:22","modified_gmt":"2021-03-14T19:54:22","slug":"diputada-amar-solicita-al-ministerio-de-salud-revisar-nuevas-medidas-del-plan-paso-a-paso-y-establecer-condiciones-acordes-a-la-realidad-regional","status":"publish","type":"post","link":"https:\/\/www.radiopresidenteibanez.cl\/web\/diputada-amar-solicita-al-ministerio-de-salud-revisar-nuevas-medidas-del-plan-paso-a-paso-y-establecer-condiciones-acordes-a-la-realidad-regional\/","title":{"rendered":"DIPUTADA AMAR SOLICITA AL MINISTERIO DE SALUD REVISAR NUEVAS MEDIDAS DEL PLAN \u201cPASO A PASO\u201d Y ESTABLECER CONDICIONES ACORDES A LA REALIDAD REGIONAL"},"content":{"rendered":"\n<p>Para la legisladora, las medidas nuevas impuestas por la\nautoridad sanitaria de cerrar el comercio local a las 20 horas y adelantar el\ntoque de queda a las 22.00 horas, se realizaron \u201ccon una mirada totalmente\ncentralista, desconociendo el m\u00e9rito de la regi\u00f3n y golpeando a todos los\nemprendedores magall\u00e1nicos\u201d.<\/p>\n\n\n\n<p>Con la idea de plantear una serie de inquietudes con\nrespecto a las nuevas medidas del Plan Paso a Paso, la diputada Sandra Amar,\nenvi\u00f3 un oficio dirigido al Ministro de Salud Enrique Paris.<\/p>\n\n\n\n<p>En el escrito, la legisladora por Magallanes plantea la\ninquietud generada en el comercio local por las nuevas medidas de cierre de\nlocales a las 20 horas y por el inicio del toque de queda a contar de las 22.00\nhoras en todo el territorio nacional. <\/p>\n\n\n\n<p>A juicio de Amar, la decisi\u00f3n de imponer un cierre al\ncomercio local y adelantar el inicio del toque de queda, son medidas que en\nella generan \u201csu completa disconformidad ante la decisi\u00f3n de adelantar el\nhorario del toque de queda a las 22:00 y restringir el funcionamiento de\nrestaurantes y comercio local hasta las 20:00 de forma generalizada, medida con\nuna mirada totalmente centralista, desconociendo el m\u00e9rito de la regi\u00f3n y\ngolpeando a todos los emprendedores magall\u00e1nicos que, con tes\u00f3n han sabido\nreinventarse para atenuar dentro de lo posible las mermas que el 2020 dej\u00f3 en\nsus negocios\u201d.<\/p>\n\n\n\n<p>La legisladora agreg\u00f3 que con las medidas que rigieron\nhasta este viernes, la regi\u00f3n \u201cha presentado una baja constante e importante en\nlos casos activos, en los casos nuevos y en los fallecidos diarios, esto con\nlas medidas implementadas a nivel nacional, es decir, toque de queda desde las\n23:00 horas y horarios m\u00e1s flexibles para minoristas, restaurantes y, en\ngeneral, el comercio local. Sumado a esto, Magallanes contin\u00faa siendo la regi\u00f3n\ncon \u00edndices m\u00e1s alto en la tasa de vacunaci\u00f3n contra el covid-19, lo que\ndemuestra el compromiso de los magall\u00e1nicos en el combate de esta pandemia\u201d.<\/p>\n\n\n\n<p>Por lo anterior, la diputada Sandra Amar, le solicit\u00f3 al\nMinistro Paris \u201cla posibilidad de establecer reg\u00edmenes aut\u00f3nomos para la regi\u00f3n\nde Magallanes en lo que a medidas sanitarias respecta, entendiendo que mi\nregi\u00f3n ya ha pasado por periodos complejos y, hoy m\u00e1s que nunca, necesitan de\nnuestra comprensi\u00f3n para volver a levantar sus emprendimientos\u201d.<\/p>\n","protected":false},"excerpt":{"rendered":"<p>Para la legisladora, las medidas nuevas impuestas por la autoridad sanitaria de cerrar el comercio local a las 20 horas y adelantar el toque de queda a las 22.00 horas,&#8230; <a class=\"read-more\" href=\"https:\/\/www.radiopresidenteibanez.cl\/web\/diputada-amar-solicita-al-ministerio-de-salud-revisar-nuevas-medidas-del-plan-paso-a-paso-y-establecer-condiciones-acordes-a-la-realidad-regional\/\">Leer m\u00e1s<\/a><\/p>\n","protected":false},"author":2,"featured_media":12256,"comment_status":"closed","ping_status":"closed","sticky":false,"template":"","format":"standard","meta":{"footnotes":""},"categories":[1],"tags":[],"class_list":["post-19228","post","type-post","status-publish","format-standard","has-post-thumbnail","hentry","category-cronica"],"_links":{"self":[{"href":"https:\/\/www.radiopresidenteibanez.cl\/web\/wp-json\/wp\/v2\/posts\/19228","targetHints":{"allow":["GET"]}}],"collection":[{"href":"https:\/\/www.radiopresidenteibanez.cl\/web\/wp-json\/wp\/v2\/posts"}],"about":[{"href":"https:\/\/www.radiopresidenteibanez.cl\/web\/wp-json\/wp\/v2\/types\/post"}],"author":[{"embeddable":true,"href":"https:\/\/www.radiopresidenteibanez.cl\/web\/wp-json\/wp\/v2\/users\/2"}],"replies":[{"embeddable":true,"href":"https:\/\/www.radiopresidenteibanez.cl\/web\/wp-json\/wp\/v2\/comments?post=19228"}],"version-history":[{"count":0,"href":"https:\/\/www.radiopresidenteibanez.cl\/web\/wp-json\/wp\/v2\/posts\/19228\/revisions"}],"wp:featuredmedia":[{"embeddable":true,"href":"https:\/\/www.radiopresidenteibanez.cl\/web\/wp-json\/wp\/v2\/media\/12256"}],"wp:attachment":[{"href":"https:\/\/www.radiopresidenteibanez.cl\/web\/wp-json\/wp\/v2\/media?parent=19228"}],"wp:term":[{"taxonomy":"category","embeddable":true,"href":"https:\/\/www.radiopresidenteibanez.cl\/web\/wp-json\/wp\/v2\/categories?post=19228"},{"taxonomy":"post_tag","embeddable":true,"href":"https:\/\/www.radiopresidenteibanez.cl\/web\/wp-json\/wp\/v2\/tags?post=19228"}],"curies":[{"name":"wp","href":"https:\/\/api.w.org\/{rel}","templated":true}]}}