{"id":19226,"date":"2021-03-15T02:45:00","date_gmt":"2021-03-15T02:45:00","guid":{"rendered":"https:\/\/www.radiopresidenteibanez.cl\/web\/?p=19226"},"modified":"2021-03-14T19:50:27","modified_gmt":"2021-03-14T19:50:27","slug":"cinco-establecimientos-educacionales-podrian-volver-prontamente-a-clases-presenciales","status":"publish","type":"post","link":"https:\/\/www.radiopresidenteibanez.cl\/web\/cinco-establecimientos-educacionales-podrian-volver-prontamente-a-clases-presenciales\/","title":{"rendered":"CINCO ESTABLECIMIENTOS EDUCACIONALES PODR\u00cdAN VOLVER PRONTAMENTE A CLASES PRESENCIALES"},"content":{"rendered":"\n<p>Hace un par de semanas, anunciamos a la comunidad un Plan piloto de inicio a clases presencial de algunas comunidades educativas.<\/p>\n\n\n\n<p>Como Corporaci\u00f3n, tanto las \u00e1reas de educaci\u00f3n con prevenci\u00f3n de riesgo, y en conjunto con estos establecimientos educacionales, estamos realizando un trabajo mancomunado con la SEREMI de salud , de manera de garantizar las condiciones necesarias para un retorno presencial, que proporcione la seguridad de cada miembro de nuestras comunidades educativas, pero sobre todo que resguarde la salud de cada uno(a) de ellos(as), entregando la confianza a las familias que como un acto totalmente voluntario, optar\u00e1n por enviar a sus hijos e hijas a nuestras aulas.<\/p>\n\n\n\n<p>En este Plan Piloto hemos incorporado a 3 Establecimientos Educacionales de Ed. B\u00e1sica con presencialidad en los niveles de Primeros y Segundos b\u00e1sicos, y 3 Jardines infantiles.<\/p>\n\n\n\n<p>La apertura se realizar\u00e1 teniendo en cuenta, la gradualidad, voluntariedad y seguridad de cada miembro de la comunidad y de acuerdo al trabajo que se est\u00e1 realizando en cada establecimiento,&nbsp;&nbsp;que consiste en la Implementaci\u00f3n con los elementos de seguridad, demarcaci\u00f3n de espacios, adquisici\u00f3n de elementos de protecci\u00f3n personal, inducci\u00f3n al personal, entre otras acciones exigidas por Protocolos sanitarios establecidos.<\/p>\n\n\n\n<p>La calendarizaci\u00f3n de apertura es la siguiente:<\/p>\n\n\n\n<p><strong>Jard\u00edn Infantil Nelda Panicucci&nbsp;&nbsp;&nbsp; &nbsp; &nbsp; &nbsp; &nbsp; &nbsp; &nbsp; &nbsp; &nbsp; &nbsp;&nbsp;15 de Marzo<\/strong><\/p>\n\n\n\n<p><strong>Escuela Espa\u00f1a.&nbsp;&nbsp;&nbsp; &nbsp; &nbsp; &nbsp; &nbsp; &nbsp; &nbsp; &nbsp; &nbsp; &nbsp; &nbsp; &nbsp; &nbsp; &nbsp; &nbsp; &nbsp; &nbsp; &nbsp; &nbsp; &nbsp; &nbsp; &nbsp; 22 de marzo<\/strong><\/p>\n\n\n\n<p><strong>Escuela Pedro Sarmiento de Gamboa.&nbsp; &nbsp; &nbsp; &nbsp; &nbsp;22 de Marzo<\/strong><\/p>\n\n\n\n<p><strong>Escuela Elba Ojeda G\u00f3mez.&nbsp; &nbsp; &nbsp; &nbsp; &nbsp; &nbsp; &nbsp; &nbsp; &nbsp; &nbsp; &nbsp; &nbsp; &nbsp; &nbsp;29 de Marzo<\/strong><\/p>\n\n\n\n<p><strong>Jard\u00edn Archipi\u00e9lago de Chilo\u00e9&nbsp; &nbsp; &nbsp; &nbsp; &nbsp; &nbsp; &nbsp; &nbsp; &nbsp; &nbsp; &nbsp; &nbsp; 29 de Marzo<\/strong><\/p>\n\n\n\n<p><strong>Jard\u00edn Piececitos de Ni\u00f1o&nbsp; &nbsp; &nbsp; &nbsp; &nbsp; &nbsp; &nbsp; &nbsp; &nbsp; &nbsp; &nbsp; &nbsp; &nbsp; &nbsp; &nbsp; &nbsp;29 de Marzo<\/strong><\/p>\n\n\n\n<p>Calendarizaci\u00f3n sujeta a cambios debido a la contingencia sanitaria, la que se dar\u00e1 aviso de manera oficial por este medio.<\/p>\n","protected":false},"excerpt":{"rendered":"<p>Hace un par de semanas, anunciamos a la comunidad un Plan piloto de inicio a clases presencial de algunas comunidades educativas. Como Corporaci\u00f3n, tanto las \u00e1reas de educaci\u00f3n con prevenci\u00f3n&#8230; <a class=\"read-more\" href=\"https:\/\/www.radiopresidenteibanez.cl\/web\/cinco-establecimientos-educacionales-podrian-volver-prontamente-a-clases-presenciales\/\">Leer m\u00e1s<\/a><\/p>\n","protected":false},"author":2,"featured_media":740,"comment_status":"closed","ping_status":"closed","sticky":false,"template":"","format":"standard","meta":{"footnotes":""},"categories":[1],"tags":[],"class_list":["post-19226","post","type-post","status-publish","format-standard","has-post-thumbnail","hentry","category-cronica"],"_links":{"self":[{"href":"https:\/\/www.radiopresidenteibanez.cl\/web\/wp-json\/wp\/v2\/posts\/19226","targetHints":{"allow":["GET"]}}],"collection":[{"href":"https:\/\/www.radiopresidenteibanez.cl\/web\/wp-json\/wp\/v2\/posts"}],"about":[{"href":"https:\/\/www.radiopresidenteibanez.cl\/web\/wp-json\/wp\/v2\/types\/post"}],"author":[{"embeddable":true,"href":"https:\/\/www.radiopresidenteibanez.cl\/web\/wp-json\/wp\/v2\/users\/2"}],"replies":[{"embeddable":true,"href":"https:\/\/www.radiopresidenteibanez.cl\/web\/wp-json\/wp\/v2\/comments?post=19226"}],"version-history":[{"count":0,"href":"https:\/\/www.radiopresidenteibanez.cl\/web\/wp-json\/wp\/v2\/posts\/19226\/revisions"}],"wp:featuredmedia":[{"embeddable":true,"href":"https:\/\/www.radiopresidenteibanez.cl\/web\/wp-json\/wp\/v2\/media\/740"}],"wp:attachment":[{"href":"https:\/\/www.radiopresidenteibanez.cl\/web\/wp-json\/wp\/v2\/media?parent=19226"}],"wp:term":[{"taxonomy":"category","embeddable":true,"href":"https:\/\/www.radiopresidenteibanez.cl\/web\/wp-json\/wp\/v2\/categories?post=19226"},{"taxonomy":"post_tag","embeddable":true,"href":"https:\/\/www.radiopresidenteibanez.cl\/web\/wp-json\/wp\/v2\/tags?post=19226"}],"curies":[{"name":"wp","href":"https:\/\/api.w.org\/{rel}","templated":true}]}}