{"id":19224,"date":"2021-03-15T02:30:00","date_gmt":"2021-03-15T02:30:00","guid":{"rendered":"https:\/\/www.radiopresidenteibanez.cl\/web\/?p=19224"},"modified":"2021-03-14T19:47:36","modified_gmt":"2021-03-14T19:47:36","slug":"trabajadores-del-transporte-seran-vacunados-en-zona-franca","status":"publish","type":"post","link":"https:\/\/www.radiopresidenteibanez.cl\/web\/trabajadores-del-transporte-seran-vacunados-en-zona-franca\/","title":{"rendered":"TRABAJADORES DEL TRANSPORTE SER\u00c1N VACUNADOS EN ZONA FRANCA"},"content":{"rendered":"\n<p>\u201cYa sea se desempe\u00f1en en una\nempresa a\u00e9rea, terrestre o mar\u00edtima, para todo el personal que trabaja en un medio\nde transporte, comienza su proceso de vacunaci\u00f3n este lunes 15 de marzo en todo\nel pa\u00eds y nuestra regi\u00f3n no es la excepci\u00f3n\u201d, se\u00f1al\u00f3 el seremi de la cartera\nMarco Mella B\u00f3rquez.<\/p>\n\n\n\n<p>Seg\u00fan inform\u00f3 la autoridad\nregional, para adquirir su primera dosis, los beneficiarios deben acercarse\ndesde las 11 de la ma\u00f1ana (y en horario continuado hasta las 16 horas) al\nsegundo piso del m\u00f3dulo central de la Zona Franca.<\/p>\n\n\n\n<p>Para apoyar el proceso de\nverificaci\u00f3n de quienes ser\u00e1n inoculados con la vacuna destinada a las y los\ntrabajadores del sector, apoyar\u00e1n el proceso de recepci\u00f3n de personas funcionarios\nde la secretar\u00eda regional de Transportes y Telecomunicaciones, uno del Programa\nde Fiscalizaci\u00f3n y otro del Programa de Registro. <\/p>\n\n\n\n<p>\u201cCon esta medida, se espera\nfacilitar el ingreso de todas aquellas personas que se desempe\u00f1an como\nconductores de transporte p\u00fablico y privado pagado, ya sea terrestre como\nbuses, minibuses, taxicolectivos, taxis b\u00e1sicos, transporte escolar o mar\u00edtimo\ncomo es el caso de los capitanes de barcazas, tripulantes, personal de apoyo y\ntodos quienes trabajan en el aeropuerto y l\u00edneas a\u00e9reas\u201d, agreg\u00f3 Mella.<\/p>\n\n\n\n<p>Si bien hasta hoy no hay casos de\nbrotes de contagios en medios de transportes, lo m\u00e1s importante es continuar\ncon la vacunaci\u00f3n de la poblaci\u00f3n m\u00e1s vulnerable y la m\u00e1s expuesta, entre ellos\nlos trabajadores del sector. <\/p>\n\n\n\n<p>\u201cPor ello es vital que todas y\ntodos acudan la pr\u00f3xima semana al vacunatorio y reciban prontamente la primera\ndosis, recibiendo 28 d\u00edas despu\u00e9s la segunda inoculaci\u00f3n para continuar con la\n\u201cinmunidad de reba\u00f1o\u201d que se espera alcanzar con este exitoso proceso sanitario\nque llevamos adelante como pa\u00eds\u201d, agreg\u00f3 el seremi.<\/p>\n\n\n\n<p>Aquellos trabajadores que ya\nrecibieron la vacuna por tramo de edad o por condici\u00f3n cr\u00f3nica de salud, deben\nseguir con su proceso seg\u00fan lo establecido para sus casos particulares. &nbsp;<\/p>\n","protected":false},"excerpt":{"rendered":"<p>\u201cYa sea se desempe\u00f1en en una empresa a\u00e9rea, terrestre o mar\u00edtima, para todo el personal que trabaja en un medio de transporte, comienza su proceso de vacunaci\u00f3n este lunes 15&#8230; <a class=\"read-more\" href=\"https:\/\/www.radiopresidenteibanez.cl\/web\/trabajadores-del-transporte-seran-vacunados-en-zona-franca\/\">Leer m\u00e1s<\/a><\/p>\n","protected":false},"author":2,"featured_media":10299,"comment_status":"closed","ping_status":"closed","sticky":false,"template":"","format":"standard","meta":{"footnotes":""},"categories":[1],"tags":[],"class_list":["post-19224","post","type-post","status-publish","format-standard","has-post-thumbnail","hentry","category-cronica"],"_links":{"self":[{"href":"https:\/\/www.radiopresidenteibanez.cl\/web\/wp-json\/wp\/v2\/posts\/19224","targetHints":{"allow":["GET"]}}],"collection":[{"href":"https:\/\/www.radiopresidenteibanez.cl\/web\/wp-json\/wp\/v2\/posts"}],"about":[{"href":"https:\/\/www.radiopresidenteibanez.cl\/web\/wp-json\/wp\/v2\/types\/post"}],"author":[{"embeddable":true,"href":"https:\/\/www.radiopresidenteibanez.cl\/web\/wp-json\/wp\/v2\/users\/2"}],"replies":[{"embeddable":true,"href":"https:\/\/www.radiopresidenteibanez.cl\/web\/wp-json\/wp\/v2\/comments?post=19224"}],"version-history":[{"count":0,"href":"https:\/\/www.radiopresidenteibanez.cl\/web\/wp-json\/wp\/v2\/posts\/19224\/revisions"}],"wp:featuredmedia":[{"embeddable":true,"href":"https:\/\/www.radiopresidenteibanez.cl\/web\/wp-json\/wp\/v2\/media\/10299"}],"wp:attachment":[{"href":"https:\/\/www.radiopresidenteibanez.cl\/web\/wp-json\/wp\/v2\/media?parent=19224"}],"wp:term":[{"taxonomy":"category","embeddable":true,"href":"https:\/\/www.radiopresidenteibanez.cl\/web\/wp-json\/wp\/v2\/categories?post=19224"},{"taxonomy":"post_tag","embeddable":true,"href":"https:\/\/www.radiopresidenteibanez.cl\/web\/wp-json\/wp\/v2\/tags?post=19224"}],"curies":[{"name":"wp","href":"https:\/\/api.w.org\/{rel}","templated":true}]}}