{"id":19221,"date":"2021-03-15T02:15:00","date_gmt":"2021-03-15T02:15:00","guid":{"rendered":"https:\/\/www.radiopresidenteibanez.cl\/web\/?p=19221"},"modified":"2021-03-14T19:44:24","modified_gmt":"2021-03-14T19:44:24","slug":"senadis-organizo-charla-sobre-discapacidad-genero-y-cuidados-primarios-en-magallanes","status":"publish","type":"post","link":"https:\/\/www.radiopresidenteibanez.cl\/web\/senadis-organizo-charla-sobre-discapacidad-genero-y-cuidados-primarios-en-magallanes\/","title":{"rendered":"SENADIS ORGANIZ\u00d3 CHARLA SOBRE DISCAPACIDAD, G\u00c9NERO Y CUIDADOS PRIMARIOS EN MAGALLANES"},"content":{"rendered":"\n<p>En el marco de la conmemoraci\u00f3n del D\u00eda Internacional de la Mujer, la Direcci\u00f3n Regional del Servicio Nacional de la Discapacidad \u2013SENADIS- organiz\u00f3 una charla online llamada \u201cDiscapacidad, g\u00e9nero y cuidados primarios en salud\u201d, dirigida a las organizaciones de la sociedad civil.<\/p>\n\n\n\n<p>La actividad fue impartida por la doctora Cristina P\u00e9rez, especialista en ginecolog\u00eda y obstetricia, quien abord\u00f3 la tem\u00e1tica sobre los cuidados primarios de mujeres con discapacidad, incluyendo la salud sexual y reproductiva.<\/p>\n\n\n\n<p>Para el Director Regional de Senadis, Iv\u00e1n Gonz\u00e1lez, \u201cadem\u00e1s de relevar la importancia de las mujeres y su rol en la inclusi\u00f3n social de las personas con discapacidad, buscamos promover instancias de capacitaci\u00f3n y educaci\u00f3n en materia de discapacidad y g\u00e9nero, teniendo presente que un 68% de las personas con discapacidad en Magallanes corresponde a mujeres (seg\u00fan datos del II Estudio Nacional de la Discapacidad \u2013ENDISC, 2015)\u201d.<\/p>\n\n\n\n<p>\u201cEsta realidad nos compromete como servicio a continuar con la promoci\u00f3n y difusi\u00f3n de los derechos de mujeres con discapacidad (vigentes en nuestra legislaci\u00f3n), especialmente los vinculados con el respeto a su dignidad, el derecho a constituir y ser parte de una familia, sus derechos sexuales y reproductivos, desde una mirada preventiva y de auto reconocimiento, en condiciones de igualdad con las dem\u00e1s mujeres\u201d, agreg\u00f3 el director regional.<\/p>\n\n\n\n<p>Para la Seremi de Desarrollo Social y Familia subrogante, Catalina Alarc\u00f3n, \u201cvaloramos que Senadis se plantee como objetivo visibilizar estos temas tan fundamentales desde la inclusi\u00f3n, especialmente para las mujeres que est\u00e1n abordando la adolescencia, o pensando en formar una familia, debido a que es tarea de la sociedad terminar con la estigmatizaci\u00f3n de personas con discapacidad\u201d.<\/p>\n\n\n\n<p>Estos y otros temas se pueden encontrar en el Centro de Documentaci\u00f3n Virtual (<a href=\"https:\/\/www.senadis.gob.cl\/areas\/salud\/documentos\" target=\"_blank\" rel=\"noreferrer noopener\">https:\/\/www.senadis.gob.cl\/areas\/salud\/documentos<\/a>&nbsp;) que Senadis mantiene para difundir aquellos documentos que sean de inter\u00e9s para las personas con discapacidad, sus familias, cuidadores, estudiantes, docentes y p\u00fablico en general.<\/p>\n","protected":false},"excerpt":{"rendered":"<p>En el marco de la conmemoraci\u00f3n del D\u00eda Internacional de la Mujer, la Direcci\u00f3n Regional del Servicio Nacional de la Discapacidad \u2013SENADIS- organiz\u00f3 una charla online llamada \u201cDiscapacidad, g\u00e9nero y&#8230; <a class=\"read-more\" href=\"https:\/\/www.radiopresidenteibanez.cl\/web\/senadis-organizo-charla-sobre-discapacidad-genero-y-cuidados-primarios-en-magallanes\/\">Leer m\u00e1s<\/a><\/p>\n","protected":false},"author":2,"featured_media":19222,"comment_status":"closed","ping_status":"closed","sticky":false,"template":"","format":"standard","meta":{"footnotes":""},"categories":[1],"tags":[],"class_list":["post-19221","post","type-post","status-publish","format-standard","has-post-thumbnail","hentry","category-cronica"],"_links":{"self":[{"href":"https:\/\/www.radiopresidenteibanez.cl\/web\/wp-json\/wp\/v2\/posts\/19221","targetHints":{"allow":["GET"]}}],"collection":[{"href":"https:\/\/www.radiopresidenteibanez.cl\/web\/wp-json\/wp\/v2\/posts"}],"about":[{"href":"https:\/\/www.radiopresidenteibanez.cl\/web\/wp-json\/wp\/v2\/types\/post"}],"author":[{"embeddable":true,"href":"https:\/\/www.radiopresidenteibanez.cl\/web\/wp-json\/wp\/v2\/users\/2"}],"replies":[{"embeddable":true,"href":"https:\/\/www.radiopresidenteibanez.cl\/web\/wp-json\/wp\/v2\/comments?post=19221"}],"version-history":[{"count":0,"href":"https:\/\/www.radiopresidenteibanez.cl\/web\/wp-json\/wp\/v2\/posts\/19221\/revisions"}],"wp:featuredmedia":[{"embeddable":true,"href":"https:\/\/www.radiopresidenteibanez.cl\/web\/wp-json\/wp\/v2\/media\/19222"}],"wp:attachment":[{"href":"https:\/\/www.radiopresidenteibanez.cl\/web\/wp-json\/wp\/v2\/media?parent=19221"}],"wp:term":[{"taxonomy":"category","embeddable":true,"href":"https:\/\/www.radiopresidenteibanez.cl\/web\/wp-json\/wp\/v2\/categories?post=19221"},{"taxonomy":"post_tag","embeddable":true,"href":"https:\/\/www.radiopresidenteibanez.cl\/web\/wp-json\/wp\/v2\/tags?post=19221"}],"curies":[{"name":"wp","href":"https:\/\/api.w.org\/{rel}","templated":true}]}}