{"id":19219,"date":"2021-03-15T02:00:00","date_gmt":"2021-03-15T02:00:00","guid":{"rendered":"https:\/\/www.radiopresidenteibanez.cl\/web\/?p=19219"},"modified":"2021-03-14T19:41:21","modified_gmt":"2021-03-14T19:41:21","slug":"rodrigo-alvarez-se-compromete-a-conservar-autonomia-del-banco-central","status":"publish","type":"post","link":"https:\/\/www.radiopresidenteibanez.cl\/web\/rodrigo-alvarez-se-compromete-a-conservar-autonomia-del-banco-central\/","title":{"rendered":"RODRIGO \u00c1LVAREZ SE COMPROMETE A CONSERVAR AUTONOM\u00cdA DEL BANCO CENTRAL"},"content":{"rendered":"\n<p>El a\u00f1o\npasado el Congreso Nacional aprob\u00f3 una reforma cuyo prop\u00f3sito era establecer\nuna excepci\u00f3n a la prohibici\u00f3n constitucional del Banco Central de adquirir -de\nmanera alguna- documentos del Estado, sus organismos o empresas. A prop\u00f3sito de\nla discusi\u00f3n constituyente, el candidato Rodrigo \u00c1lvarez explic\u00f3 que \u201cse trat\u00f3\nde un hito relevante pues el Cap\u00edtulo XIII de nuestra Constituci\u00f3n, que es el\nque regula al Banco Central, no hab\u00eda sufrido modificaci\u00f3n alguna desde 1980\u201d. <\/p>\n\n\n\n<p>El candidato\na la Convenci\u00f3n Constitucional, que es profesor de Derecho Comercial en la\nUniversidad Cat\u00f3lica, explic\u00f3 que \u201cdicha reforma inicialmente gener\u00f3 dudas pues\nvarios expertos se\u00f1alaban que los riesgos relacionados a la nociva pr\u00e1ctica del\nfinanciamiento monetario de los d\u00e9ficits fiscales continuaban vigentes\u201d. En su\nopini\u00f3n, \u201cla propuesta legislativa, que buscaba permitir que el Banco Central\npudiera acudir a instrumentos no convencionales en circunstancias excepcionales\ny transitorias, conten\u00eda una serie de resguardos que permit\u00edan despejar las\ndudas\u201d. En dicho contexto, \u00c1lvarez afirm\u00f3 que los resguardos eran \u201cprimero que\nsolo se podr\u00eda acudir a esta herramienta en ocasiones excepcionales y con el\nfin de resguardar los pagos internos y externos, segundo que la adquisici\u00f3n de\ndocumentos se permitir\u00eda \u00fanicamente en el mercado secundario abierto; y,\nfinalmente, que la materia requer\u00eda que el Consejo del Banco Central adopte\ndicho acuerdo con un qu\u00f3rum superior al que opera en la generalidad de los\ncasos\u201d.&nbsp; <\/p>\n\n\n\n<p><strong>Compromiso\nde conservar la autonom\u00eda constitucional del Banco Central<\/strong><\/p>\n\n\n\n<p>Al ser\nconsultado sobre el futuro del Banco Central en la Nueva Constituci\u00f3n, \u00c1lvarez\nfue enf\u00e1tico en se\u00f1alar que \u201cla autonom\u00eda del Instituto Emisor, tanto legal\ncomo de ejercicio, no est\u00e1 garantizada. En los \u00faltimos a\u00f1os hemos podido\nobservar que existen riesgos crecientes que podr\u00edan afectar su autonom\u00eda\u201d.<\/p>\n\n\n\n<p>A modo de\nejemplo, el acad\u00e9mico afirm\u00f3 que \u201cexisten grupos, como el Frente Amplio, que\ncreen que es conveniente incorporar de manera expresa nuevos objetivos al Banco\nCentral (como la maximizaci\u00f3n del empleo y la diversificaci\u00f3n productiva). Me\nparece un error por dos razones. Primero porque dificultar\u00eda, dado que muchas\nveces son objetivos incompatibles, cumplir su funci\u00f3n esencial que es la\nestabilidad de precios; y segundo porque -como se\u00f1al\u00f3 en un art\u00edculo acad\u00e9mico\nJos\u00e9 De Gregorio- pese a que el Banco Central define su objetivo respecto de\nuna meta de inflaci\u00f3n, sus decisiones tambi\u00e9n consideran el costo en t\u00e9rminos\nde desempleo que causa la consecuci\u00f3n de dicha meta\u201d.<\/p>\n\n\n\n<p>As\u00ed las\ncosas, el abogado fue claro en manifestar su opini\u00f3n de cara al debate que se\ngenerar\u00e1 en la Convenci\u00f3n Constitucional: \u201cestoy a favor de que el Banco\nCentral, que ha demostrado ser una instituci\u00f3n que cumple de manera eficiente\ncon su mandato y que es reconocido internacionalmente, conserve la autonom\u00eda constitucional\nde la que goza\u201d. <\/p>\n\n\n\n<p>Resaltando\nsu \u00e9xito, \u00c1lvarez se\u00f1al\u00f3 que \u201csi uno revisa la evoluci\u00f3n de la inflaci\u00f3n en\nChile, es posible afirmar que -desde 1990 en adelante- el Banco Central ha\nmostrado su compromiso con su mandato de velar por la estabilidad de la moneda.\nHoy en d\u00eda tenemos una inflaci\u00f3n controlada y en l\u00ednea con el rango meta\nautoimpuesto por el ente emisor. Su \u00e9xito, que est\u00e1 absolutamente documentado y\nque es apreciado por los expertos, se debe fundamentalmente a la independencia\ny autonom\u00eda con la que toma sus decisiones. Ante tal situaci\u00f3n, y considerando\nlo nocivo que es tener una alta inflaci\u00f3n para el pa\u00eds, estoy comprometido con\nresguardar y fortalecer lo m\u00e1s posible el rol que desempe\u00f1a el Banco Central\naut\u00f3nomo\u201d. <\/p>\n\n\n\n<p>Finalmente,\nel candidato sostuvo que \u201cpara que nuestro pa\u00eds pueda financiar de manera\nsostenible las iniciativas sociales que necesitamos, debemos contar con una\ninstitucionalidad econ\u00f3mica que nos ayude a mantener la inflaci\u00f3n controlada y\na conservar la disciplina fiscal. Nuestro pa\u00eds requiere cambios en muchas\nmaterias, y estoy comprometido con ellos. Necesitamos que nuestros adultos\nmayores tengan mejores pensiones y que la salud sea de buena calidad para\ntodos, por nombrar dos temas fundamentales. Si queremos mejoras en dichos\n\u00e1mbitos, debemos tener un Banco Central que sea aut\u00f3nomo y que est\u00e9 alejado de\nlas presiones pol\u00edticas de corto plazo. Debemos, en definitiva, valorar y\nresguardar el rol que ha jugado nuestro Banco Central en la estabilidad de\nprecios\u201d.&nbsp; <\/p>\n","protected":false},"excerpt":{"rendered":"<p>El a\u00f1o pasado el Congreso Nacional aprob\u00f3 una reforma cuyo prop\u00f3sito era establecer una excepci\u00f3n a la prohibici\u00f3n constitucional del Banco Central de adquirir -de manera alguna- documentos del Estado,&#8230; <a class=\"read-more\" href=\"https:\/\/www.radiopresidenteibanez.cl\/web\/rodrigo-alvarez-se-compromete-a-conservar-autonomia-del-banco-central\/\">Leer m\u00e1s<\/a><\/p>\n","protected":false},"author":2,"featured_media":18478,"comment_status":"closed","ping_status":"closed","sticky":false,"template":"","format":"standard","meta":{"footnotes":""},"categories":[1],"tags":[],"class_list":["post-19219","post","type-post","status-publish","format-standard","has-post-thumbnail","hentry","category-cronica"],"_links":{"self":[{"href":"https:\/\/www.radiopresidenteibanez.cl\/web\/wp-json\/wp\/v2\/posts\/19219","targetHints":{"allow":["GET"]}}],"collection":[{"href":"https:\/\/www.radiopresidenteibanez.cl\/web\/wp-json\/wp\/v2\/posts"}],"about":[{"href":"https:\/\/www.radiopresidenteibanez.cl\/web\/wp-json\/wp\/v2\/types\/post"}],"author":[{"embeddable":true,"href":"https:\/\/www.radiopresidenteibanez.cl\/web\/wp-json\/wp\/v2\/users\/2"}],"replies":[{"embeddable":true,"href":"https:\/\/www.radiopresidenteibanez.cl\/web\/wp-json\/wp\/v2\/comments?post=19219"}],"version-history":[{"count":0,"href":"https:\/\/www.radiopresidenteibanez.cl\/web\/wp-json\/wp\/v2\/posts\/19219\/revisions"}],"wp:featuredmedia":[{"embeddable":true,"href":"https:\/\/www.radiopresidenteibanez.cl\/web\/wp-json\/wp\/v2\/media\/18478"}],"wp:attachment":[{"href":"https:\/\/www.radiopresidenteibanez.cl\/web\/wp-json\/wp\/v2\/media?parent=19219"}],"wp:term":[{"taxonomy":"category","embeddable":true,"href":"https:\/\/www.radiopresidenteibanez.cl\/web\/wp-json\/wp\/v2\/categories?post=19219"},{"taxonomy":"post_tag","embeddable":true,"href":"https:\/\/www.radiopresidenteibanez.cl\/web\/wp-json\/wp\/v2\/tags?post=19219"}],"curies":[{"name":"wp","href":"https:\/\/api.w.org\/{rel}","templated":true}]}}